{"id":8707,"date":"2009-08-03T11:24:53","date_gmt":"2009-08-03T11:24:53","guid":{"rendered":"http:\/\/testserver\/wordpress\/?p=8607"},"modified":"2009-08-03T11:24:53","modified_gmt":"2009-08-03T11:24:53","slug":"lnger_arbeiten_und_weniger_urlaub_hillerohm_kritisiert_forderungen_aus_der_wirtschaft","status":"publish","type":"post","link":"https:\/\/hier-luebeck.de\/index.php\/lnger_arbeiten_und_weniger_urlaub_hillerohm_kritisiert_forderungen_aus_der_wirtschaft\/","title":{"rendered":"L\u00e4nger Arbeiten und weniger Urlaub: Hiller-Ohm kritisiert Forderungen aus der Wirtschaft"},"content":{"rendered":"<p><img decoding=\"async\" title=\"Hiller-Ohm-08\" src=\"http:\/\/www.hier-luebeck.de\/images\/topics\/Hiller-Ohm-08.jpg\" alt=\"Hiller-Ohm-08\" \/><br \/>\nAm vergangenen Wochenende haben sich die Pr\u00e4sidenten des Bundesverbandes der mittelst\u00e4ndischen Wirtschaft, Mario Ohoven, und der Handwerkspr\u00e4sident Otto Kentzler f\u00fcr harte Einschnitte bei Arbeitnehmerinnen und Arbeitnehmern ausgesprochen. W\u00e4hrend Ohoven daf\u00fcr pl\u00e4dierte den Besch\u00e4ftigten einen Urlaubstag zu streichen, forderte Kentzler die Einf\u00fchrung einer 40-Stunden-Woche f\u00fcr alle Branchen.<!--more-->Die L\u00fcbecker Bundestagsabgeordnete Gabriele Hiller-Ohm (SPD) kritisiert diese Vorschl\u00e4ge: &#8222;Es ist ungerecht, die Folgen der Wirtschafts- und Finanzmarktkrise auf die Arbeitnehmerschaft zu \u00fcbertragen. In der gegenw\u00e4rtigen Situation machen sie auch wenig Sinn. Zurzeit haben wir rund 1,4 Mio. Kurzarbeiter. Jetzt eine Arbeitszeitverl\u00e4ngerung zu fordern ist ein denkbar schlechter Vorschlag. Es gibt derzeit zu wenig Arbeit und zu viele \u00dcberstunden; das ist kontraproduktiv, wenn man m\u00f6glichst viel Wissen in Unternehmen und m\u00f6glichst viele Menschen in Arbeit halten m\u00f6chte. Die Frage nach Urlaubsverzicht halte ich ebenso f\u00fcr wenig geeignet,&#8220; so Hiller-Ohm weiter.<\/p>\n<p>Laut einer EU-Studie geh\u00f6ren die in Deutschland besch\u00e4ftigten Menschen mit einer Wochenarbeitszeit von durchschnittlich 41,2 Stunden zur europ\u00e4ischen Spitzengruppe. Betrachtet man die 27 EU-Mitgliedsstaaten, so liegt die durchschnittliche Wochenarbeitszeit bei 40,4 Stunden.<\/p>\n<p>Gabriele Hiller-Ohm, MdB<\/p>\n<p>Mitglied im Ausschuss f\u00fcr Arbeit und Soziales<br \/>\nMitglied im Ausschuss f\u00fcr Tourismus<\/p>\n","protected":false},"excerpt":{"rendered":"<p>Am vergangenen Wochenende haben sich die Pr\u00e4sidenten des Bundesverbandes der mittelst\u00e4ndischen Wirtschaft, Mario Ohoven, und der Handwerkspr\u00e4sident Otto Kentzler f\u00fcr<\/p>\n","protected":false},"author":3,"featured_media":0,"comment_status":"open","ping_status":"open","sticky":false,"template":"","format":"standard","meta":{"colormag_page_container_layout":"default_layout","colormag_page_sidebar_layout":"default_layout","footnotes":""},"categories":[5],"tags":[],"class_list":["post-8707","post","type-post","status-publish","format-standard","hentry","category-politik-wirtschaft"],"_links":{"self":[{"href":"https:\/\/hier-luebeck.de\/index.php\/wp-json\/wp\/v2\/posts\/8707","targetHints":{"allow":["GET"]}}],"collection":[{"href":"https:\/\/hier-luebeck.de\/index.php\/wp-json\/wp\/v2\/posts"}],"about":[{"href":"https:\/\/hier-luebeck.de\/index.php\/wp-json\/wp\/v2\/types\/post"}],"author":[{"embeddable":true,"href":"https:\/\/hier-luebeck.de\/index.php\/wp-json\/wp\/v2\/users\/3"}],"replies":[{"embeddable":true,"href":"https:\/\/hier-luebeck.de\/index.php\/wp-json\/wp\/v2\/comments?post=8707"}],"version-history":[{"count":0,"href":"https:\/\/hier-luebeck.de\/index.php\/wp-json\/wp\/v2\/posts\/8707\/revisions"}],"wp:attachment":[{"href":"https:\/\/hier-luebeck.de\/index.php\/wp-json\/wp\/v2\/media?parent=8707"}],"wp:term":[{"taxonomy":"category","embeddable":true,"href":"https:\/\/hier-luebeck.de\/index.php\/wp-json\/wp\/v2\/categories?post=8707"},{"taxonomy":"post_tag","embeddable":true,"href":"https:\/\/hier-luebeck.de\/index.php\/wp-json\/wp\/v2\/tags?post=8707"}],"curies":[{"name":"wp","href":"https:\/\/api.w.org\/{rel}","templated":true}]}}