{"id":8712,"date":"2009-08-03T15:04:16","date_gmt":"2009-08-03T15:04:16","guid":{"rendered":"http:\/\/testserver\/wordpress\/?p=8612"},"modified":"2009-08-03T15:04:16","modified_gmt":"2009-08-03T15:04:16","slug":"tag_der_offenen_tr_im_altenpflegeheim_dreifelderweg","status":"publish","type":"post","link":"https:\/\/hier-luebeck.de\/index.php\/tag_der_offenen_tr_im_altenpflegeheim_dreifelderweg\/","title":{"rendered":"Tag der offenen T\u00fcr im Altenpflegeheim Dreifelderweg"},"content":{"rendered":"<p><img decoding=\"async\" title=\"TermineHL\" src=\"http:\/\/www.hier-luebeck.de\/images\/topics\/TermineHL.jpg\" alt=\"TermineHL\" \/><br \/>\nHeimleitung bietet am 8. August Informationen und F\u00fchrungen durch die Einrichtung an<br \/>\nAm Sonnabend, 8. August 2009 findet auf dem Gel\u00e4nde des st\u00e4dtischen Altenpflegeheims Dreifelderweg, Wattstra\u00dfe 7, von 11 bis 16 Uhr ein Tag der offenen T\u00fcr statt. <!--more-->Neben einem Flohmarkt werden auch F\u00fchrungen durch die Einrichtung angeboten. Hier k\u00f6nnen sich Interessierte \u00fcber die st\u00e4dtischen Altenpflegeeinrichtungen und \u00fcber das Betreute Wohnen informieren. Spiele f\u00fcr Jung und Alt runden die Veranstaltung ab. F\u00fcr die musikalische Unterhaltung und das leibliche Wohl ist gesorgt.<br \/>\nWeitere Informationen erteilt die Heimleiterin Sylvia Topel unter der Telefonnummer (0451) 6 09 90-10 oder Iris Klick, Telefon 6 09 90-20.<\/p>\n","protected":false},"excerpt":{"rendered":"<p>Heimleitung bietet am 8. August Informationen und F\u00fchrungen durch die Einrichtung an Am Sonnabend, 8. August 2009 findet auf dem<\/p>\n","protected":false},"author":3,"featured_media":0,"comment_status":"open","ping_status":"open","sticky":false,"template":"","format":"standard","meta":{"colormag_page_container_layout":"default_layout","colormag_page_sidebar_layout":"default_layout","footnotes":""},"categories":[13],"tags":[],"class_list":["post-8712","post","type-post","status-publish","format-standard","hentry","category-veranstaltungen"],"_links":{"self":[{"href":"https:\/\/hier-luebeck.de\/index.php\/wp-json\/wp\/v2\/posts\/8712","targetHints":{"allow":["GET"]}}],"collection":[{"href":"https:\/\/hier-luebeck.de\/index.php\/wp-json\/wp\/v2\/posts"}],"about":[{"href":"https:\/\/hier-luebeck.de\/index.php\/wp-json\/wp\/v2\/types\/post"}],"author":[{"embeddable":true,"href":"https:\/\/hier-luebeck.de\/index.php\/wp-json\/wp\/v2\/users\/3"}],"replies":[{"embeddable":true,"href":"https:\/\/hier-luebeck.de\/index.php\/wp-json\/wp\/v2\/comments?post=8712"}],"version-history":[{"count":0,"href":"https:\/\/hier-luebeck.de\/index.php\/wp-json\/wp\/v2\/posts\/8712\/revisions"}],"wp:attachment":[{"href":"https:\/\/hier-luebeck.de\/index.php\/wp-json\/wp\/v2\/media?parent=8712"}],"wp:term":[{"taxonomy":"category","embeddable":true,"href":"https:\/\/hier-luebeck.de\/index.php\/wp-json\/wp\/v2\/categories?post=8712"},{"taxonomy":"post_tag","embeddable":true,"href":"https:\/\/hier-luebeck.de\/index.php\/wp-json\/wp\/v2\/tags?post=8712"}],"curies":[{"name":"wp","href":"https:\/\/api.w.org\/{rel}","templated":true}]}}