{"id":87270,"date":"2013-06-10T13:58:42","date_gmt":"2013-06-10T13:58:42","guid":{"rendered":"http:\/\/www.hier-luebeck.de\/2013\/06\/pol-rz-glinde-radfahrer-lebensgefahrlich-verletzt\/"},"modified":"2013-06-10T13:58:42","modified_gmt":"2013-06-10T13:58:42","slug":"pol-rz-glinde-radfahrer-lebensgefahrlich-verletzt","status":"publish","type":"post","link":"https:\/\/hier-luebeck.de\/index.php\/pol-rz-glinde-radfahrer-lebensgefahrlich-verletzt\/","title":{"rendered":"POL-RZ: Glinde &#8211; Radfahrer lebensgef\u00e4hrlich verletzt"},"content":{"rendered":"<p>Ratzeburg (ots) &#8211; Kreis Stormarn \/ 07.06.2013, Freitag     Am Freitag, gegen 12.15 Uhr, kam es im Holstenkamp in Glinde zu  einem schweren Verkehrsunfall. Eine 66-j\u00e4hrige Glinderin befuhr mit  ihrem Pkw Honda die Stra\u00dfe Breiter Kamp in Glinde, vom B\u00fcneb\u00fcttler  Weg kommend, in Richtung Holstenkamp.<!--more--> An der Einm\u00fcndung zum  Holstenkamp \u00fcbersah sie offensichtlich einen von links, aus Richtung  K 26 kommenden, vorfahrtberechtigten Pkw, so dass sie abrupt, direkt  im Einm\u00fcndungsbereich stoppte. Zu diesem Zeitpunkt befuhr ein 68  -j\u00e4hriger Glinder mit seinem Fahrrad den Holstenkamp, aus Richtung  Oher Weg kommend, in Richtung K 26, auf  dem vorgeschriebenen,  linkseitig des Holstenkamp gelegenen Fahrradweg und wollte gerade den Breiten Kamp vorfahrtberechtigt \u00fcberqueren. Auf Grund des abrupten  Bremsman\u00f6vers fuhr der 68-j\u00e4hrige nun so gut wie ungebremst gegen den Honda der 66-j\u00e4hrigen, st\u00fcrzte dabei und schlug schwer mit dem Kopf  auf den Boden. Einen Helm trug der Fahrradfahrer nicht. Der  68-j\u00e4hrige wurde schwer verletzt in ein Krankenhaus eingeliefert. Zu  diesem Zeitpunkt war er noch ansprechbar. Im Verlauf des Tages  verschlechterte sich jedoch sein Zustand, so dass er in k\u00fcnstliches  Koma versetzt werden musste und derzeit Lebensgefahr besteht. Die  Fahrerin des Honda wurde bei dem Unfall nicht verletzt. An dem Pkw  sowie dem Fahrrad entstand leichter Sachschaden von insgesamt ca.  550,- Euro.     R\u00fcckfragen bitte an:  Polizeidirektion Ratzeburg      Holger Meier  &#8211; Stabsstelle \/ Presse &#8211; Telefon: 04541\/809-2021<\/p>\n<p>Quelle: <a href=\"http:\/\/www.presseportal.de\/polizeipresse\/pm\/43735\/2489848\/pol-rz-glinde-radfahrer-lebensgefaehrlich-verletzt\/api\" target=\"_blank\">presseportal.de<\/a><\/p>\n","protected":false},"excerpt":{"rendered":"<p>Ratzeburg (ots) &#8211; Kreis Stormarn \/ 07.06.2013, Freitag Am Freitag, gegen 12.15 Uhr, kam es im Holstenkamp in Glinde zu<\/p>\n","protected":false},"author":3,"featured_media":0,"comment_status":"open","ping_status":"open","sticky":false,"template":"","format":"standard","meta":{"colormag_page_container_layout":"default_layout","colormag_page_sidebar_layout":"default_layout","footnotes":""},"categories":[20],"tags":[],"class_list":["post-87270","post","type-post","status-publish","format-standard","hentry","category-besondere-neuigkeiten"],"_links":{"self":[{"href":"https:\/\/hier-luebeck.de\/index.php\/wp-json\/wp\/v2\/posts\/87270","targetHints":{"allow":["GET"]}}],"collection":[{"href":"https:\/\/hier-luebeck.de\/index.php\/wp-json\/wp\/v2\/posts"}],"about":[{"href":"https:\/\/hier-luebeck.de\/index.php\/wp-json\/wp\/v2\/types\/post"}],"author":[{"embeddable":true,"href":"https:\/\/hier-luebeck.de\/index.php\/wp-json\/wp\/v2\/users\/3"}],"replies":[{"embeddable":true,"href":"https:\/\/hier-luebeck.de\/index.php\/wp-json\/wp\/v2\/comments?post=87270"}],"version-history":[{"count":0,"href":"https:\/\/hier-luebeck.de\/index.php\/wp-json\/wp\/v2\/posts\/87270\/revisions"}],"wp:attachment":[{"href":"https:\/\/hier-luebeck.de\/index.php\/wp-json\/wp\/v2\/media?parent=87270"}],"wp:term":[{"taxonomy":"category","embeddable":true,"href":"https:\/\/hier-luebeck.de\/index.php\/wp-json\/wp\/v2\/categories?post=87270"},{"taxonomy":"post_tag","embeddable":true,"href":"https:\/\/hier-luebeck.de\/index.php\/wp-json\/wp\/v2\/tags?post=87270"}],"curies":[{"name":"wp","href":"https:\/\/api.w.org\/{rel}","templated":true}]}}