{"id":87876,"date":"2013-06-21T14:38:06","date_gmt":"2013-06-21T14:38:06","guid":{"rendered":"http:\/\/www.hier-luebeck.de\/2013\/06\/pol-se-wedel-zeugenaufruf-nach-strasenraub-im-kronskamp-in-der-nacht-von-mittwoch-auf-donnerstag\/"},"modified":"2013-06-21T14:38:06","modified_gmt":"2013-06-21T14:38:06","slug":"pol-se-wedel-zeugenaufruf-nach-strasenraub-im-kronskamp-in-der-nacht-von-mittwoch-auf-donnerstag","status":"publish","type":"post","link":"https:\/\/hier-luebeck.de\/index.php\/pol-se-wedel-zeugenaufruf-nach-strasenraub-im-kronskamp-in-der-nacht-von-mittwoch-auf-donnerstag\/","title":{"rendered":"POL-SE: Wedel: Zeugenaufruf nach Stra\u00dfenraub im Kronskamp in der Nacht von Mittwoch auf Donnerstag"},"content":{"rendered":"<p>Wedel: (ots) &#8211; Im Kronskamp, an der Bushaltestelle Ecke  Rudolf-Breitscheid-Stra\u00dfe, ist es in der Nacht von Mittwoch auf  Donnerstag, gegen 22.35 Uhr zu einer r\u00e4uberischen Erpressung  gekommen. Die Kriminalpolizei in Pinneberg bittet m\u00f6gliche Zeugen  oder Hinweisgeber, sich zu melden.<!--more-->     Das sp\u00e4tere Opfer, ein 23-j\u00e4hriger Wedeler, war zu Fu\u00df in Richtung Bahnhof unterwegs, als ihm zwei M\u00e4nner entgegenkamen und ihn zun\u00e4chst nach der Uhrzeit fragten. Einer der beiden hatte ein Messer dabei.  Als der 23-J\u00e4hrige sein Handy nahm, um nachzusehen, wurde die  Herausgabe aller Sachen gefordert. Das Opfer \u00fcbergab Handy und  Geldb\u00f6rse. Die T\u00e4ter rannten in Richtung Tinsdaler Weg davon. Auf der Polizeiwache in Wedel zeigte der Gesch\u00e4digte, der unverletzt blieb,  die Tat an.     Die Ermittler der Kriminalpolizei in Pinneberg bitten um Hinweise. Der Hauptt\u00e4ter soll etwa 1,90 Meter gro\u00df sein. Er trug zur Tatzeit  einen grauen Kapuzenpullover. Der zweite T\u00e4ter trug eine dunkle kurze Stoffjacke. Hinweise an die Tel. 04101-202-0.   ots Originaltext: Polizeidirektion Bad Segeberg Digitale Pressemappe: http:\/\/www.polizeipresse.de\/p_story.htx?firmaid=19027  R\u00fcckfragen bitte an:  Polizeidirektion Bad Segeberg &#8211; Pressestelle &#8211; Dorfstr. 16-18 23795 Bad Segeberg  Sandra Mohr Telefon: 04121-80190 371 Handy: 0160-93953921 E-Mail: sandra.mohr@polizei.landsh.de<\/p>\n<p>Quelle: <a href=\"http:\/\/www.presseportal.de\/polizeipresse\/pm\/19027\/2498603\/pol-se-wedel-zeugenaufruf-nach-strassenraub-im-kronskamp-in-der-nacht-von-mittwoch-auf-donnerstag\/api\" target=\"_blank\">presseportal.de<\/a><\/p>\n","protected":false},"excerpt":{"rendered":"<p>Wedel: (ots) &#8211; Im Kronskamp, an der Bushaltestelle Ecke Rudolf-Breitscheid-Stra\u00dfe, ist es in der Nacht von Mittwoch auf Donnerstag, gegen<\/p>\n","protected":false},"author":3,"featured_media":0,"comment_status":"open","ping_status":"open","sticky":false,"template":"","format":"standard","meta":{"colormag_page_container_layout":"default_layout","colormag_page_sidebar_layout":"default_layout","footnotes":""},"categories":[20],"tags":[],"class_list":["post-87876","post","type-post","status-publish","format-standard","hentry","category-besondere-neuigkeiten"],"_links":{"self":[{"href":"https:\/\/hier-luebeck.de\/index.php\/wp-json\/wp\/v2\/posts\/87876","targetHints":{"allow":["GET"]}}],"collection":[{"href":"https:\/\/hier-luebeck.de\/index.php\/wp-json\/wp\/v2\/posts"}],"about":[{"href":"https:\/\/hier-luebeck.de\/index.php\/wp-json\/wp\/v2\/types\/post"}],"author":[{"embeddable":true,"href":"https:\/\/hier-luebeck.de\/index.php\/wp-json\/wp\/v2\/users\/3"}],"replies":[{"embeddable":true,"href":"https:\/\/hier-luebeck.de\/index.php\/wp-json\/wp\/v2\/comments?post=87876"}],"version-history":[{"count":0,"href":"https:\/\/hier-luebeck.de\/index.php\/wp-json\/wp\/v2\/posts\/87876\/revisions"}],"wp:attachment":[{"href":"https:\/\/hier-luebeck.de\/index.php\/wp-json\/wp\/v2\/media?parent=87876"}],"wp:term":[{"taxonomy":"category","embeddable":true,"href":"https:\/\/hier-luebeck.de\/index.php\/wp-json\/wp\/v2\/categories?post=87876"},{"taxonomy":"post_tag","embeddable":true,"href":"https:\/\/hier-luebeck.de\/index.php\/wp-json\/wp\/v2\/tags?post=87876"}],"curies":[{"name":"wp","href":"https:\/\/api.w.org\/{rel}","templated":true}]}}