{"id":87877,"date":"2013-06-21T14:36:16","date_gmt":"2013-06-21T14:36:16","guid":{"rendered":"http:\/\/www.hier-luebeck.de\/2013\/06\/pol-se-rellingen-erst-zu-hause-unfallschaden-bemerkt-polizei-bittet-gesturzte-radfahrerin-sich-zu-melden\/"},"modified":"2013-06-21T14:36:16","modified_gmt":"2013-06-21T14:36:16","slug":"pol-se-rellingen-erst-zu-hause-unfallschaden-bemerkt-polizei-bittet-gesturzte-radfahrerin-sich-zu-melden","status":"publish","type":"post","link":"https:\/\/hier-luebeck.de\/index.php\/pol-se-rellingen-erst-zu-hause-unfallschaden-bemerkt-polizei-bittet-gesturzte-radfahrerin-sich-zu-melden\/","title":{"rendered":"POL-SE: Rellingen: Erst zu Hause Unfallschaden bemerkt &#8211; Polizei bittet gest\u00fcrzte Radfahrerin, sich zu melden"},"content":{"rendered":"<p>Rellingen: (ots) &#8211; Nach einem Unfall in der Poststra\u00dfe am  Mittwochmittag gegen 12.30 Uhr ruft die Polizei eine beteiligte junge Radfahrerin auf, sich zu melden.     Die Radfahrerin, die zwischen 13 und 16 Jahre jung sein soll, war  nach Angaben der gesch\u00e4digten Autofahrerin mit dem Handy besch\u00e4ftigt  und wollte einh\u00e4ndig fahrend von der Poststra\u00dfe in die Hohle Stra\u00dfe  abbiegen.<!--more--> Abgelenkt durch ihr Handy bemerkte sie offenbar gar nicht,  dass die Gesch\u00e4digte, die in entgegen gesetzte Richtung unterwegs  war, aufgrund der Rechts vor Links Regel an dieser Einm\u00fcndung stand.  Pl\u00f6tzlich kam das M\u00e4dchen aus dem Gleichgewicht, so die Autofahrerin  w\u00e4hrend der Protokollaufnahme am Donnerstagnachmittag. M\u00f6glicherweise deshalb, weil sie sich erschreckt hatte, spekulierte die Anzeigende.  Dadurch sei sie mit dem Rad gegen das Auto gefallen. Es habe dann ein Gespr\u00e4ch zwischen beiden gegeben. Das M\u00e4dchen war nach eigenen  Angaben unverletzt geblieben. Die Unfallbeteiligten tauschten keine  Personalien aus und fuhren weiter. Erst zu Hause bemerkte die  Autofahrerin den dabei entstandenen Schaden an der Front ihres  hellblauen VW Lupo.     Das M\u00e4dchen mit dem dunklen Fahrrad sollte sich jetzt bei der  Polizei in Rellingen melden. Zeugen sind ebenfalls aufgerufen. Das  M\u00e4dchen ist sehr schlank und hat langes dunkles Haar.     Das Polizeirevier Rellingen ist unter der Telefonnummer  04101-498-0 zu erreichen.   ots Originaltext: Polizeidirektion Bad Segeberg Digitale Pressemappe: http:\/\/www.polizeipresse.de\/p_story.htx?firmaid=19027  R\u00fcckfragen bitte an:  Polizeidirektion Bad Segeberg &#8211; Pressestelle &#8211; Dorfstr. 16-18 23795 Bad Segeberg  Sandra Mohr Telefon: 04121-80190 371 Handy: 0160-93953921 E-Mail: sandra.mohr@polizei.landsh.de<\/p>\n<p>Quelle: <a href=\"http:\/\/www.presseportal.de\/polizeipresse\/pm\/19027\/2498600\/pol-se-rellingen-erst-zu-hause-unfallschaden-bemerkt-polizei-bittet-gestuerzte-radfahrerin-sich-zu\/api\" target=\"_blank\">presseportal.de<\/a><\/p>\n","protected":false},"excerpt":{"rendered":"<p>Rellingen: (ots) &#8211; Nach einem Unfall in der Poststra\u00dfe am Mittwochmittag gegen 12.30 Uhr ruft die Polizei eine beteiligte junge<\/p>\n","protected":false},"author":3,"featured_media":0,"comment_status":"open","ping_status":"open","sticky":false,"template":"","format":"standard","meta":{"colormag_page_container_layout":"default_layout","colormag_page_sidebar_layout":"default_layout","footnotes":""},"categories":[20],"tags":[],"class_list":["post-87877","post","type-post","status-publish","format-standard","hentry","category-besondere-neuigkeiten"],"_links":{"self":[{"href":"https:\/\/hier-luebeck.de\/index.php\/wp-json\/wp\/v2\/posts\/87877","targetHints":{"allow":["GET"]}}],"collection":[{"href":"https:\/\/hier-luebeck.de\/index.php\/wp-json\/wp\/v2\/posts"}],"about":[{"href":"https:\/\/hier-luebeck.de\/index.php\/wp-json\/wp\/v2\/types\/post"}],"author":[{"embeddable":true,"href":"https:\/\/hier-luebeck.de\/index.php\/wp-json\/wp\/v2\/users\/3"}],"replies":[{"embeddable":true,"href":"https:\/\/hier-luebeck.de\/index.php\/wp-json\/wp\/v2\/comments?post=87877"}],"version-history":[{"count":0,"href":"https:\/\/hier-luebeck.de\/index.php\/wp-json\/wp\/v2\/posts\/87877\/revisions"}],"wp:attachment":[{"href":"https:\/\/hier-luebeck.de\/index.php\/wp-json\/wp\/v2\/media?parent=87877"}],"wp:term":[{"taxonomy":"category","embeddable":true,"href":"https:\/\/hier-luebeck.de\/index.php\/wp-json\/wp\/v2\/categories?post=87877"},{"taxonomy":"post_tag","embeddable":true,"href":"https:\/\/hier-luebeck.de\/index.php\/wp-json\/wp\/v2\/tags?post=87877"}],"curies":[{"name":"wp","href":"https:\/\/api.w.org\/{rel}","templated":true}]}}