{"id":88170,"date":"2013-06-27T18:17:16","date_gmt":"2013-06-27T16:17:16","guid":{"rendered":"http:\/\/www.hier-luebeck.de\/?p=88170"},"modified":"2013-06-27T18:17:16","modified_gmt":"2013-06-27T16:17:16","slug":"traveufer-lubeck-2-11-august-2013-duckstein-festival-ein-genieser-jubilaum-in-lubeck","status":"publish","type":"post","link":"https:\/\/hier-luebeck.de\/index.php\/traveufer-lubeck-2-11-august-2013-duckstein-festival-ein-genieser-jubilaum-in-lubeck\/","title":{"rendered":"Traveufer L\u00fcbeck, 2. \u2013 11. August 2013 &#8211; Duckstein-Festival \u2013 Ein Genie\u00dfer-Jubil\u00e4um in L\u00fcbeck!"},"content":{"rendered":"<p><a href=\"http:\/\/www.hier-luebeck.de\/wp-content\/uploads\/2013\/06\/Ducksteinfestival.jpg\"><img loading=\"lazy\" decoding=\"async\" class=\"alignleft size-full wp-image-88171\" title=\"Ducksteinfestival\" src=\"http:\/\/www.hier-luebeck.de\/wp-content\/uploads\/2013\/06\/Ducksteinfestival.jpg\" alt=\"\" width=\"212\" height=\"62\" \/><\/a>Die L\u00fcbecker freuen sich schon jetzt auf ihr Ducksten-Festival, das stilvollste Open Air Festival der Saison. In diesem Jahr feiert die wachsende L\u00fcbecker Fangemeinde ein beeindruckendes Jubil\u00e4um in der Hansestadt: Bereits zum 15. Mal findet das Genie\u00dfer-Fest am Traveufer statt und hat sich zu <em>dem<\/em> Highlight der sommerlichen Kultur-Szene entwickelt. Die unverwechselbare Mischung aus Kunst, Kultur und Kulinarischem lockten in den letzten Jahren bis zu 150.000 Menschen an.\u00a0 In diesem Jahr werden die G\u00e4ste vom 2. bis 11. August auf die Fl\u00e4che zwischen Radisson Blu Senator Hotel und der Musik- und Kongresshalle (MuK) geladen, um ein abwechslungsreiches und hochkar\u00e4tiges Musik- und Kleinkunstprogramm zu erleben.<!--more-->Musikalisch setzt in diesem Jahr der Pop- und Soul-Meister <strong>Rolf Stahlhofen<\/strong> den Standard weit oben an: Seine Musikkarriere begann mit den S\u00f6hnen Mannheims an der Seite von Xavier Naidoo und bei gemeinsamen Auftritten mit Udo Lindenberg. Seit 2003 ist er solo unterwegs und einer der wichtigsten und authentischsten Soul-K\u00fcnstler in Deutschland. Ebenso eine authentische Rockstimme bringt <strong>Jessy Martens &amp; Band<\/strong> ins Spiel, wenn diese den L\u00fcbeckern zum Auftaktabend am 2. August einheizt. Die Hamburger Rock- und Bluess\u00e4ngerin\u00a0 ist mit einer echten Ausnahme-Stimme gesegnet und schon l\u00e4ngst nicht mehr nur ein Geheimtipp, sondern einer der begehrtesten Live-Acts im Norden.<\/p>\n<p>Auf dem Theaterplatz zeigt das niederl\u00e4ndische Comedy Duo <strong>\u201eStenzel &amp; Kivits\u201c<\/strong> Musikcomedy at it\u2019s best. In ihrer neuen Show \u201eThe Impossible Concert\u201c ist kein klassisches Thema vor ihren Improvisationen und Persiflagen sicher. Au\u00dferdem erobert die beliebteste Klappmaul-Puppe des Nordens mit der <strong>\u201eWerner Mommsen ihm seine Show\u201c <\/strong>die Herzen der L\u00fcbecker.<\/p>\n<p>Das Erfolgsrezept der Duckstein-Festivals in Hamburg, L\u00fcbeck, Kiel, Binz und Berlin: Musik weit ab vom Pop &amp; Rock-Mainstream, seltenes internationales Stra\u00dfentheater und gepflegte Gastronomie von anliegenden Restaurants und Bars, die zum Flanieren, Probieren und Entdecken einladen. Abgerundet wird dieses Festivalprogramm durch hochwertige Verkaufsausstellungen f\u00fcr Mode, Schmuck und Design; Kunsthandwerker pr\u00e4sentieren Besonderes, wie H\u00fcte, Schmuck und Accessoires. Die G\u00e4ste am Traveufer k\u00f6nnen sich auf zehn atmosph\u00e4rische und lauschige Sommertage\u00a0 und -abende freuen, an denen es vor allem um eines geht: Den Genuss mit allen Sinnen.<\/p>\n<p>&nbsp;<\/p>\n<p><strong>Veranstaltungszeiten:<\/strong><\/p>\n<p>Mo \u2013 Fr\u00a0\u00a0\u00a0\u00a0\u00a0\u00a0\u00a0\u00a0\u00a0\u00a0\u00a0\u00a0\u00a0\u00a0\u00a0\u00a0\u00a0\u00a0\u00a0\u00a0\u00a0\u00a0\u00a0\u00a0\u00a0\u00a0\u00a0\u00a0\u00a0\u00a0\u00a0\u00a0\u00a0 18\u00a0 \u2013 24 Uhr<br \/>\nSa\u00a0\u00a0\u00a0\u00a0\u00a0\u00a0\u00a0\u00a0\u00a0\u00a0\u00a0\u00a0\u00a0\u00a0\u00a0\u00a0\u00a0\u00a0\u00a0\u00a0\u00a0\u00a0\u00a0\u00a0\u00a0\u00a0\u00a0\u00a0\u00a0\u00a0\u00a0\u00a0\u00a0\u00a0\u00a0\u00a0\u00a0\u00a0\u00a0\u00a0\u00a0\u00a0 16\u00a0 \u2013 24 Uhr<\/p>\n<p>So\u00a0\u00a0\u00a0\u00a0\u00a0\u00a0\u00a0\u00a0\u00a0\u00a0\u00a0\u00a0\u00a0\u00a0\u00a0\u00a0\u00a0\u00a0\u00a0\u00a0\u00a0\u00a0\u00a0\u00a0\u00a0\u00a0\u00a0\u00a0\u00a0\u00a0\u00a0\u00a0\u00a0\u00a0\u00a0\u00a0\u00a0\u00a0\u00a0\u00a0\u00a0\u00a0 16\u00a0 \u2013 24 Uhr<\/p>\n<p>Der Eintritt ist frei.<\/p>\n<p>Weitere Informationen sowie Bildmaterial auf Anfrage und unter www.duckstein-festival.de<\/p>\n<p>&nbsp;<\/p>\n","protected":false},"excerpt":{"rendered":"<p>Die L\u00fcbecker freuen sich schon jetzt auf ihr Ducksten-Festival, das stilvollste Open Air Festival der Saison. In diesem Jahr feiert<\/p>\n","protected":false},"author":3,"featured_media":0,"comment_status":"open","ping_status":"open","sticky":false,"template":"","format":"standard","meta":{"colormag_page_container_layout":"default_layout","colormag_page_sidebar_layout":"default_layout","footnotes":""},"categories":[13],"tags":[11265,11264],"class_list":["post-88170","post","type-post","status-publish","format-standard","hentry","category-veranstaltungen","tag-2-11-august-2013-duckstein-festival-ein-genieser-jubilaum-in-lubeck","tag-traveufer-lubeck"],"_links":{"self":[{"href":"https:\/\/hier-luebeck.de\/index.php\/wp-json\/wp\/v2\/posts\/88170","targetHints":{"allow":["GET"]}}],"collection":[{"href":"https:\/\/hier-luebeck.de\/index.php\/wp-json\/wp\/v2\/posts"}],"about":[{"href":"https:\/\/hier-luebeck.de\/index.php\/wp-json\/wp\/v2\/types\/post"}],"author":[{"embeddable":true,"href":"https:\/\/hier-luebeck.de\/index.php\/wp-json\/wp\/v2\/users\/3"}],"replies":[{"embeddable":true,"href":"https:\/\/hier-luebeck.de\/index.php\/wp-json\/wp\/v2\/comments?post=88170"}],"version-history":[{"count":1,"href":"https:\/\/hier-luebeck.de\/index.php\/wp-json\/wp\/v2\/posts\/88170\/revisions"}],"predecessor-version":[{"id":88172,"href":"https:\/\/hier-luebeck.de\/index.php\/wp-json\/wp\/v2\/posts\/88170\/revisions\/88172"}],"wp:attachment":[{"href":"https:\/\/hier-luebeck.de\/index.php\/wp-json\/wp\/v2\/media?parent=88170"}],"wp:term":[{"taxonomy":"category","embeddable":true,"href":"https:\/\/hier-luebeck.de\/index.php\/wp-json\/wp\/v2\/categories?post=88170"},{"taxonomy":"post_tag","embeddable":true,"href":"https:\/\/hier-luebeck.de\/index.php\/wp-json\/wp\/v2\/tags?post=88170"}],"curies":[{"name":"wp","href":"https:\/\/api.w.org\/{rel}","templated":true}]}}