{"id":88182,"date":"2013-06-27T15:46:16","date_gmt":"2013-06-27T15:46:16","guid":{"rendered":"http:\/\/www.hier-luebeck.de\/2013\/06\/pol-se-rellingen-poststrase-polizei-sucht-radfahrerin-nach-verkehrsunfall\/"},"modified":"2013-06-27T15:46:16","modified_gmt":"2013-06-27T15:46:16","slug":"pol-se-rellingen-poststrase-polizei-sucht-radfahrerin-nach-verkehrsunfall","status":"publish","type":"post","link":"https:\/\/hier-luebeck.de\/index.php\/pol-se-rellingen-poststrase-polizei-sucht-radfahrerin-nach-verkehrsunfall\/","title":{"rendered":"POL-SE: Rellingen, Poststra\u00dfe   \/\nPolizei sucht Radfahrerin nach Verkehrsunfall"},"content":{"rendered":"<p>Rellingen (ots) &#8211; Bereits am Mittwoch, den 19. Juni 2013, kam es  in Rellingen zu einem Verkehrsunfall mit einer Radfahrerin. Die  Radfahrerin befuhr die Stra\u00dfe &#8222;Am Markt&#8220; und wollte nach links in die Hohle Stra\u00dfe abbiegen. An der Einm\u00fcndung Poststra\u00dfe missachtete sie  gegen 12.30 Uhr die Vorfahrt einer 66-j\u00e4hrigen aus Pinneberg, die ihr mit einem VW Lupo aus der Poststra\u00dfe entgegenkam.<!--more--> Es kam zu einem  Zusammensto\u00df bei dem ein Sachschaden von 500 Euro am Pkw entstand. Da der Sachschaden erst sp\u00e4ter bemerkt wurde, waren an der Unfallstelle  keine Personalien ausgetauscht worden. Die Polizei Rellingen hat  aufgrund einer nachtr\u00e4glichen Anzeige die Ermittlungen aufgenommen.  Sie sucht jetzt die etwa 13 bis 16 Jahre alte und sehr schlanke  Radfahrerin. Diese hatte lange, dunkle Haare und fuhr ein dunkles  Fahrrad. Die gesuchte Radfahrerin und Zeugen werden gebeten, sich bei der Polizei Rellingen unter 04101-4980 zu melden.   ots Originaltext: Polizeidirektion Bad Segeberg Digitale Pressemappe: http:\/\/www.polizeipresse.de\/p_story.htx?firmaid=19027  R\u00fcckfragen bitte an:  Polizeidirektion Bad Segeberg &#8211; Pressestelle &#8211; Dorfstr. 16-18 23795 Bad Segeberg  Silke Westphal Telefon: 04551 884 2022 E-Mail: silke.westphal@polizei.landsh.de<\/p>\n<p>Quelle: <a href=\"http:\/\/www.presseportal.de\/polizeipresse\/pm\/19027\/2502633\/pol-se-rellingen-poststrasse-polizei-sucht-radfahrerin-nach-verkehrsunfall\/api\" target=\"_blank\">presseportal.de<\/a><\/p>\n","protected":false},"excerpt":{"rendered":"<p>Rellingen (ots) &#8211; Bereits am Mittwoch, den 19. Juni 2013, kam es in Rellingen zu einem Verkehrsunfall mit einer Radfahrerin.<\/p>\n","protected":false},"author":3,"featured_media":0,"comment_status":"open","ping_status":"open","sticky":false,"template":"","format":"standard","meta":{"colormag_page_container_layout":"default_layout","colormag_page_sidebar_layout":"default_layout","footnotes":""},"categories":[20],"tags":[],"class_list":["post-88182","post","type-post","status-publish","format-standard","hentry","category-besondere-neuigkeiten"],"_links":{"self":[{"href":"https:\/\/hier-luebeck.de\/index.php\/wp-json\/wp\/v2\/posts\/88182","targetHints":{"allow":["GET"]}}],"collection":[{"href":"https:\/\/hier-luebeck.de\/index.php\/wp-json\/wp\/v2\/posts"}],"about":[{"href":"https:\/\/hier-luebeck.de\/index.php\/wp-json\/wp\/v2\/types\/post"}],"author":[{"embeddable":true,"href":"https:\/\/hier-luebeck.de\/index.php\/wp-json\/wp\/v2\/users\/3"}],"replies":[{"embeddable":true,"href":"https:\/\/hier-luebeck.de\/index.php\/wp-json\/wp\/v2\/comments?post=88182"}],"version-history":[{"count":0,"href":"https:\/\/hier-luebeck.de\/index.php\/wp-json\/wp\/v2\/posts\/88182\/revisions"}],"wp:attachment":[{"href":"https:\/\/hier-luebeck.de\/index.php\/wp-json\/wp\/v2\/media?parent=88182"}],"wp:term":[{"taxonomy":"category","embeddable":true,"href":"https:\/\/hier-luebeck.de\/index.php\/wp-json\/wp\/v2\/categories?post=88182"},{"taxonomy":"post_tag","embeddable":true,"href":"https:\/\/hier-luebeck.de\/index.php\/wp-json\/wp\/v2\/tags?post=88182"}],"curies":[{"name":"wp","href":"https:\/\/api.w.org\/{rel}","templated":true}]}}