{"id":9182,"date":"2009-11-05T15:12:32","date_gmt":"2009-11-05T15:12:32","guid":{"rendered":"http:\/\/testserver\/wordpress\/?p=9082"},"modified":"2009-11-05T15:12:32","modified_gmt":"2009-11-05T15:12:32","slug":"detektivspiel_fr_kinder_wer_entlarvt_den_oder_die_tter","status":"publish","type":"post","link":"https:\/\/hier-luebeck.de\/index.php\/detektivspiel_fr_kinder_wer_entlarvt_den_oder_die_tter\/","title":{"rendered":"Detektivspiel f\u00fcr Kinder: Wer entlarvt den oder die T\u00e4ter?"},"content":{"rendered":"<p><img decoding=\"async\" title=\"StadtbibliothekE\" src=\"http:\/\/www.hier-luebeck.de\/images\/topics\/StadtbibliothekE.jpg\" alt=\"StadtbibliothekE\" \/><br \/>\nSpurensuche und Geheimschriften vom 6. bis 24. November in der Stadtbibliothek<br \/>\nVorbereitend auf die ARD-Radionacht f\u00fcr Kinder &#8222;Verdacht nach 8&#8220; in ganz Deutschland l\u00e4dt die Kinder- und Jugendbibliothek, Hundestra\u00dfe5-17, vom 6. bis 24. November 2009 w\u00e4hrend der \u00d6ffnungszeiten zum Detektivspiel ein. <!--more-->Die angehende Detektive m\u00fcssen dabei einen Parcours durch die B\u00fccherei bew\u00e4ltigen und ganz nebenbei Spuren verfolgen und Geheimschriften entschl\u00fcsseln, denn: Die beiden Detektive Jens Holm und Marie Bond von der Agentur &#8220; Holzauge, sei wachsam&#8220; sind ratlos und brauchen dringend Hilfe! Seit Wochen wird L\u00fcbeck von einer Serie von Diebst\u00e4hlen und Einbr\u00fcchen heimgesucht. Der T\u00e4ter oder die T\u00e4terin geht immer dreister vor. Dennoch tappt die Polizei noch im Dunkeln, weil bisher keine Spuren sichergestellt werden konnten. Zum Abschluss der Aktion findet am Sonnabend,28. November 2009, um 10 Uhr eine Preisverleihung in der Kinder- und Jugendbibliothek.<br \/>\nDer Detektiv-Parcous kann von montags bis freitags von 10 bis 19 Uhr und sonnabends von 9 bis 13 Uhr absolviert werden. Zus\u00e4tzlich gibt es w\u00e4hrend der ganzen Aktion einen gro\u00dfen B\u00fcchertisch mit Krimis und Detektivhandb\u00fcchern zum ausleihen. Die Teilnahme ist kostenlos, eine vorherige Anmeldung nicht notwendig.<br \/>\nWeitere Informationen sind in der Kinder- und Jugendbibliothek, Hundestra\u00dfe 5-17, telefonisch unter Rufnummer (0451) 122-4115 oder per E-Mail unter bodo.kartelmeyer@luebeck.de erh\u00e4ltlich.<br \/>\nARD-Radionacht f\u00fcr Kinder: Verbrecher jagen statt schlafen hei\u00dft es f\u00fcr Kinder am Freitag, 27. November. Unter dem Titel &#8222;Verdacht nach 8&#8220; laden alle ARD-Landesrundfunkanstalten an diesem Abend ihre jungen H\u00f6rerinnen und H\u00f6rer ein zu einer spannenden Krimi-Nacht. Im Mittelpunkt der insgesamt f\u00fcnfst\u00fcndigen ARD-Radionacht von 20 bis 1 Uhr stehen Krimi-Lesungen und H\u00f6rspiele.<\/p>\n","protected":false},"excerpt":{"rendered":"<p>Spurensuche und Geheimschriften vom 6. bis 24. November in der Stadtbibliothek Vorbereitend auf die ARD-Radionacht f\u00fcr Kinder &#8222;Verdacht nach 8&#8220;<\/p>\n","protected":false},"author":3,"featured_media":0,"comment_status":"open","ping_status":"open","sticky":false,"template":"","format":"standard","meta":{"colormag_page_container_layout":"default_layout","colormag_page_sidebar_layout":"default_layout","footnotes":""},"categories":[13],"tags":[],"class_list":["post-9182","post","type-post","status-publish","format-standard","hentry","category-veranstaltungen"],"_links":{"self":[{"href":"https:\/\/hier-luebeck.de\/index.php\/wp-json\/wp\/v2\/posts\/9182","targetHints":{"allow":["GET"]}}],"collection":[{"href":"https:\/\/hier-luebeck.de\/index.php\/wp-json\/wp\/v2\/posts"}],"about":[{"href":"https:\/\/hier-luebeck.de\/index.php\/wp-json\/wp\/v2\/types\/post"}],"author":[{"embeddable":true,"href":"https:\/\/hier-luebeck.de\/index.php\/wp-json\/wp\/v2\/users\/3"}],"replies":[{"embeddable":true,"href":"https:\/\/hier-luebeck.de\/index.php\/wp-json\/wp\/v2\/comments?post=9182"}],"version-history":[{"count":0,"href":"https:\/\/hier-luebeck.de\/index.php\/wp-json\/wp\/v2\/posts\/9182\/revisions"}],"wp:attachment":[{"href":"https:\/\/hier-luebeck.de\/index.php\/wp-json\/wp\/v2\/media?parent=9182"}],"wp:term":[{"taxonomy":"category","embeddable":true,"href":"https:\/\/hier-luebeck.de\/index.php\/wp-json\/wp\/v2\/categories?post=9182"},{"taxonomy":"post_tag","embeddable":true,"href":"https:\/\/hier-luebeck.de\/index.php\/wp-json\/wp\/v2\/tags?post=9182"}],"curies":[{"name":"wp","href":"https:\/\/api.w.org\/{rel}","templated":true}]}}