{"id":9203,"date":"2009-11-10T18:11:54","date_gmt":"2009-11-10T18:11:54","guid":{"rendered":"http:\/\/testserver\/wordpress\/?p=9103"},"modified":"2009-11-10T18:11:54","modified_gmt":"2009-11-10T18:11:54","slug":"pi_bauarbeiten_lbeckkiel_dauern_noch_bis_4_dezember","status":"publish","type":"post","link":"https:\/\/hier-luebeck.de\/index.php\/pi_bauarbeiten_lbeckkiel_dauern_noch_bis_4_dezember\/","title":{"rendered":"PI Bauarbeiten L\u00fcbeck-Kiel dauern noch bis 4. Dezember"},"content":{"rendered":"<p><img decoding=\"async\" title=\"DB_Logo\" src=\"http:\/\/www.hier-luebeck.de\/images\/topics\/DB_Logo.jpg\" alt=\"DB_Logo\" \/><br \/>\nBauarbeiten auf der Strecke L\u00fcbeck-Kiel dauern noch bis zum 04. Dezember Zus\u00e4tzlicher Bodenaushub erforderlich . Weiterhin Busse statt Bahnen (Hamburg, 10. November 2009)  Die Gleisbauarbeiten zwischen Ascheberg und Preetz (Strecke L\u00fcbeck-Kiel) werden noch bis Freitag, 4. Dezember, Betriebsbeginn andauern. Die urspr\u00fcngliche Sperrung sollte am 16. November beendet sein. <!--more-->Trotz intensiver Planung mit Bodengutachten haben sich w\u00e4hrend der Bauphase unerwartete Schwierigkeiten im Baugrund ergeben. Diese sind ma\u00dfgeblich durch starke Niederschl\u00e4ge und den hohen Grundwasserspiegel bedingt.<\/p>\n<p>Aufgrund dieser umfangreichen Bauarbeiten enden und beginnen von 16. November, Betriebsbeginn bis 3. Dezember, Betriebsschluss die Regional-Expressz\u00fcge (RE) von L\u00fcbeck in Richtung Kiel in Ascheberg. F\u00fcr Reisende aus Richtung L\u00fcbeck nach Preetz und weiter nach Kiel f\u00e4hrt ein Bus bereits ab Pl\u00f6n bis Preetz. In Preetz besteht direkter Anschluss an den Zug in Richtung Kiel.<\/p>\n<p>Reisende aus Kiel in Richtung L\u00fcbeck fahren zun\u00e4chst mit einem RE bis Preetz. Diese Z\u00fcge fahren 14 Minuten vor der regul\u00e4ren Abfahrtzeit in Kiel Hbf ab. In Preetz wartet der Bus nach Pl\u00f6n. Dort besteht direkter Anschluss an den RE in Richtung L\u00fcbeck. Durch den Einsatz der Busse verl\u00e4ngern sich die Gesamtfahrzeiten in beiden Richtungen um rund 15 Minuten.<br \/>\nVon Montag bis Freitag verkehren die Regionalbahnen (RB) zwischen Kiel und Preetz sowie in der Gegenrichtung. Diese Z\u00fcge fahren jedoch zu ge\u00e4nderten Abfahrzeiten. F\u00fcr Reisende von Ascheberg nach Preetz, Raisdorf und Kiel und in der Gegenrichtung verkehrt ein Pendelbus von und nach Pl\u00f6n. In Pl\u00f6n besteht Anschluss in Richtung Kiel. In den Bussen sind der Kauf von Fahrscheinen und die Mitnahme von Fahrr\u00e4dern leider nicht m\u00f6glich. <br \/>\nDetaillierte Infos zu den Fahrzeiten erhalten Reisende ab Freitag im Internet unter www.deutschebahn.com\/bauarbeiten.<\/p>\n<p>Die Fahrg\u00e4ste werden \u00fcber Lautsprecheransagen, Aush\u00e4nge in den Bahnh\u00f6fen sowie in den Z\u00fcgen durch das Zugbegleitpersonal informiert. Reisende werden gebeten, die ge\u00e4nderten Abfahrtzeiten und die verl\u00e4ngerten Fahrzeiten bei Ihren Reiseplanungen zu ber\u00fccksichtigen und ggf. fr\u00fchere Verbindungen zu nutzen, um Anschlussz\u00fcge zu erreichen.<\/p>\n<p>Trotz des Einsatzes l\u00e4rmged\u00e4mpfter Arbeitsger\u00e4te lassen sich ruhest\u00f6rende Ger\u00e4usche leider nicht vermeiden. Die Deutsche Bahn bittet die Reisenden und Anwohner um Verst\u00e4ndnis f\u00fcr die mit den Bauarbeiten verbundenen Unannehmlichkeiten.<\/p>\n","protected":false},"excerpt":{"rendered":"<p>Bauarbeiten auf der Strecke L\u00fcbeck-Kiel dauern noch bis zum 04. Dezember Zus\u00e4tzlicher Bodenaushub erforderlich . Weiterhin Busse statt Bahnen (Hamburg,<\/p>\n","protected":false},"author":3,"featured_media":0,"comment_status":"open","ping_status":"open","sticky":false,"template":"","format":"standard","meta":{"colormag_page_container_layout":"default_layout","colormag_page_sidebar_layout":"default_layout","footnotes":""},"categories":[13],"tags":[],"class_list":["post-9203","post","type-post","status-publish","format-standard","hentry","category-veranstaltungen"],"_links":{"self":[{"href":"https:\/\/hier-luebeck.de\/index.php\/wp-json\/wp\/v2\/posts\/9203","targetHints":{"allow":["GET"]}}],"collection":[{"href":"https:\/\/hier-luebeck.de\/index.php\/wp-json\/wp\/v2\/posts"}],"about":[{"href":"https:\/\/hier-luebeck.de\/index.php\/wp-json\/wp\/v2\/types\/post"}],"author":[{"embeddable":true,"href":"https:\/\/hier-luebeck.de\/index.php\/wp-json\/wp\/v2\/users\/3"}],"replies":[{"embeddable":true,"href":"https:\/\/hier-luebeck.de\/index.php\/wp-json\/wp\/v2\/comments?post=9203"}],"version-history":[{"count":0,"href":"https:\/\/hier-luebeck.de\/index.php\/wp-json\/wp\/v2\/posts\/9203\/revisions"}],"wp:attachment":[{"href":"https:\/\/hier-luebeck.de\/index.php\/wp-json\/wp\/v2\/media?parent=9203"}],"wp:term":[{"taxonomy":"category","embeddable":true,"href":"https:\/\/hier-luebeck.de\/index.php\/wp-json\/wp\/v2\/categories?post=9203"},{"taxonomy":"post_tag","embeddable":true,"href":"https:\/\/hier-luebeck.de\/index.php\/wp-json\/wp\/v2\/tags?post=9203"}],"curies":[{"name":"wp","href":"https:\/\/api.w.org\/{rel}","templated":true}]}}