{"id":9292,"date":"2009-11-28T11:14:49","date_gmt":"2009-11-28T11:14:49","guid":{"rendered":"http:\/\/testserver\/wordpress\/?p=9192"},"modified":"2009-11-28T11:14:49","modified_gmt":"2009-11-28T11:14:49","slug":"der_lange_abschied_von_der_flenderwerft","status":"publish","type":"post","link":"https:\/\/hier-luebeck.de\/index.php\/der_lange_abschied_von_der_flenderwerft\/","title":{"rendered":"Der lange Abschied von der Flender-Werft"},"content":{"rendered":"<p><img decoding=\"async\" title=\"GeschWerkst\" src=\"http:\/\/www.hier-luebeck.de\/images\/topics\/GeschWerkst.jpg\" alt=\"GeschWerkst\" \/><br \/>\nBuchvorstellung im Industriemuseum Geschichtswerkstatt Herrenwyk am 1. Dezember<br \/>\nDas Industriemuseum Geschichtswerkstatt Herrenwyk l\u00e4dt am Dienstag, 1. Dezember 2009, 19.30 Uhr, zur Pr\u00e4sentation des Buches &#8222;Der lange Abschied von Flender&#8220; des L\u00fcbecker K\u00fcnstlers Rainer Wiedemann ein.<br \/>\n<!--more-->Das Buch ist in Anlehnung an die Ausstellung &#8222;Der lange Abschied &#8211; Das Ende und das Ausschlachten der Flender Werft&#8220;, die von Oktober 2007 bis April 2008 im Industriemuseum Geschichtswerkstatt Herrenwyk zu sehen war, entstanden. Wiedemanns Werk ist jedoch mehr als nur ein Katalogersatz. In Wort und Bild behandelt es die Geschichte der Werft, die zwischen 1920 und 2002 in L\u00fcbeck Siems Schiffe und Schwimmdocks produzierte.<br \/>\nDie in der Ausstellung gezeigten Aufnahmen zum Abriss der Werftanlagen werden erg\u00e4nzt durch viele Interviews mit ehemaligen Flenderanern, Gewerkschaftern und Politikern. Das Buch gibt nicht nur Fakten und Daten zu den vielen wichtigen Schiffsbauten wieder, sondern geht auch auf die Arbeit der am Schiffbau beteiligten Menschen und auf ihre Gedanken und Sorgen nach der Insolvenz ein. &#8222;Damit ist es ein lebendiges Geschichtsbuch und ein wichtiger Beitrag zur Industriegeschichte L\u00fcbecks&#8220;, erkl\u00e4rt Dr. Wolfgang Muth, Leiter des Industriemuseums.<br \/>\nDie Finanzierung des Buches wurde unter Federf\u00fchrung der Leiterin des Kulturforums Burgkloster, Frau Dr. Ingaburgh Klatt, organisiert. Die Drucklegung erm\u00f6glichten die Commerzbank zu L\u00fcbeck, die Gemeinn\u00fctzigen Sparkassenstiftung, die Reinhold-Jarchow-Stiftung, die Dietrich-Szameit-Stiftung und die Possehl-Stiftung mit gro\u00dfz\u00fcgigen Zuwendungen. Die Reederei Offen und die IHK zu L\u00fcbeck haben sich durch den Erwerb des Werkes im Vorverkauf ebenfalls an der Finanzierung beteiligt.<br \/>\nDas Buch ist in Zusammenarbeit mit der Grafikerin Hanne K\u00fchner im Verlag Thomas Helms unter dem Titel &#8222;Der lange Abschied von Flender, Zeitzeugen &#8211; Interviews und Fotografien&#8220; erschienen und im Kulturforum Burgkloster, im Industriemuseum Geschichtswerkstatt Herrenwyk und im Buchhandel zum Preis von 24,80 Euro erh\u00e4ltlich.<\/p>\n","protected":false},"excerpt":{"rendered":"<p>Buchvorstellung im Industriemuseum Geschichtswerkstatt Herrenwyk am 1. Dezember Das Industriemuseum Geschichtswerkstatt Herrenwyk l\u00e4dt am Dienstag, 1. Dezember 2009, 19.30 Uhr,<\/p>\n","protected":false},"author":3,"featured_media":0,"comment_status":"open","ping_status":"open","sticky":false,"template":"","format":"standard","meta":{"colormag_page_container_layout":"default_layout","colormag_page_sidebar_layout":"default_layout","footnotes":""},"categories":[13],"tags":[],"class_list":["post-9292","post","type-post","status-publish","format-standard","hentry","category-veranstaltungen"],"_links":{"self":[{"href":"https:\/\/hier-luebeck.de\/index.php\/wp-json\/wp\/v2\/posts\/9292","targetHints":{"allow":["GET"]}}],"collection":[{"href":"https:\/\/hier-luebeck.de\/index.php\/wp-json\/wp\/v2\/posts"}],"about":[{"href":"https:\/\/hier-luebeck.de\/index.php\/wp-json\/wp\/v2\/types\/post"}],"author":[{"embeddable":true,"href":"https:\/\/hier-luebeck.de\/index.php\/wp-json\/wp\/v2\/users\/3"}],"replies":[{"embeddable":true,"href":"https:\/\/hier-luebeck.de\/index.php\/wp-json\/wp\/v2\/comments?post=9292"}],"version-history":[{"count":0,"href":"https:\/\/hier-luebeck.de\/index.php\/wp-json\/wp\/v2\/posts\/9292\/revisions"}],"wp:attachment":[{"href":"https:\/\/hier-luebeck.de\/index.php\/wp-json\/wp\/v2\/media?parent=9292"}],"wp:term":[{"taxonomy":"category","embeddable":true,"href":"https:\/\/hier-luebeck.de\/index.php\/wp-json\/wp\/v2\/categories?post=9292"},{"taxonomy":"post_tag","embeddable":true,"href":"https:\/\/hier-luebeck.de\/index.php\/wp-json\/wp\/v2\/tags?post=9292"}],"curies":[{"name":"wp","href":"https:\/\/api.w.org\/{rel}","templated":true}]}}