{"id":9295,"date":"2009-11-28T11:25:04","date_gmt":"2009-11-28T11:25:04","guid":{"rendered":"http:\/\/testserver\/wordpress\/?p=9195"},"modified":"2009-11-28T11:25:04","modified_gmt":"2009-11-28T11:25:04","slug":"die_renaissance_wurde_nicht_allein_in_italien_erfunden","status":"publish","type":"post","link":"https:\/\/hier-luebeck.de\/index.php\/die_renaissance_wurde_nicht_allein_in_italien_erfunden\/","title":{"rendered":"Die Renaissance wurde nicht allein in Italien erfunden"},"content":{"rendered":"<p><img decoding=\"async\" title=\"VHSLogo\" src=\"http:\/\/www.hier-luebeck.de\/images\/topics\/VHSLogo.jpg\" alt=\"VHSLogo\" \/><br \/>\nBildervortrag: Dr. Ekkehard Kloehn \u00fcber die fl\u00e4mischen Meister des 15. Jahrhunderts<br \/>\nUnter dem Titel &#8222;Die Renaissance wurde nicht allein in Italien erfunden&#8220; l\u00e4dt die VHS L\u00fcbeck am Donnerstag, 3. Dezember 2009, zu einem Vortrag \u00fcber die fl\u00e4mischen Meister des 15. Jahrhunderts ein.<!--more--> Dr. Ekkehard Kloehn aus Ratzeburg wird ab 19 Uhr in der H\u00fcxstra\u00dfe 118-120 in das Thema mit Bildern einf\u00fchren.<br \/>\nDie K\u00fcnstler Jan van Eyck mit dem &#8222;Genter Altar&#8220; und Rogier van der Weyden mit der &#8222;Gro\u00dfen Kreuzabnahme&#8220; kamen als erste zu erstaunlicher und bis dahin unerreichter Farbbrillanz, Nat\u00fcrlichkeit von Gesichtsausdruck und Gestik, Detailreichtum und Landschaftsdarstellungen. Die Italiener hingegen erbrachten fr\u00fche Leistungen bei der Wiederentdeckung der Zentralperspektive und der anatomisch richtigen Gestalt des Menschen.<br \/>\nIn Zusammenarbeit mit der Deutsch-Italienischen Gesellschaft. Eintritt f\u00fcnf (erm\u00e4\u00dfigt vier) Euro. <\/p>\n","protected":false},"excerpt":{"rendered":"<p>Bildervortrag: Dr. Ekkehard Kloehn \u00fcber die fl\u00e4mischen Meister des 15. Jahrhunderts Unter dem Titel &#8222;Die Renaissance wurde nicht allein in<\/p>\n","protected":false},"author":3,"featured_media":0,"comment_status":"open","ping_status":"open","sticky":false,"template":"","format":"standard","meta":{"colormag_page_container_layout":"default_layout","colormag_page_sidebar_layout":"default_layout","footnotes":""},"categories":[13],"tags":[],"class_list":["post-9295","post","type-post","status-publish","format-standard","hentry","category-veranstaltungen"],"_links":{"self":[{"href":"https:\/\/hier-luebeck.de\/index.php\/wp-json\/wp\/v2\/posts\/9295","targetHints":{"allow":["GET"]}}],"collection":[{"href":"https:\/\/hier-luebeck.de\/index.php\/wp-json\/wp\/v2\/posts"}],"about":[{"href":"https:\/\/hier-luebeck.de\/index.php\/wp-json\/wp\/v2\/types\/post"}],"author":[{"embeddable":true,"href":"https:\/\/hier-luebeck.de\/index.php\/wp-json\/wp\/v2\/users\/3"}],"replies":[{"embeddable":true,"href":"https:\/\/hier-luebeck.de\/index.php\/wp-json\/wp\/v2\/comments?post=9295"}],"version-history":[{"count":0,"href":"https:\/\/hier-luebeck.de\/index.php\/wp-json\/wp\/v2\/posts\/9295\/revisions"}],"wp:attachment":[{"href":"https:\/\/hier-luebeck.de\/index.php\/wp-json\/wp\/v2\/media?parent=9295"}],"wp:term":[{"taxonomy":"category","embeddable":true,"href":"https:\/\/hier-luebeck.de\/index.php\/wp-json\/wp\/v2\/categories?post=9295"},{"taxonomy":"post_tag","embeddable":true,"href":"https:\/\/hier-luebeck.de\/index.php\/wp-json\/wp\/v2\/tags?post=9295"}],"curies":[{"name":"wp","href":"https:\/\/api.w.org\/{rel}","templated":true}]}}