{"id":9348,"date":"2009-12-07T17:52:45","date_gmt":"2009-12-07T17:52:45","guid":{"rendered":"http:\/\/testserver\/wordpress\/?p=9248"},"modified":"2010-01-19T01:31:53","modified_gmt":"2010-01-19T00:31:53","slug":"polhl_hl__buntekuh_pinassenweg__zeugenhinweise_fhrten_zur_festnahme_von_drei_einbrechern","status":"publish","type":"post","link":"https:\/\/hier-luebeck.de\/index.php\/polhl_hl__buntekuh_pinassenweg__zeugenhinweise_fhrten_zur_festnahme_von_drei_einbrechern\/","title":{"rendered":"POL-HL: HL &#8211; Buntekuh, Pinassenweg \/ Zeugenhinweise f\u00fchrten zur Festnahme von drei Einbrechern"},"content":{"rendered":"<p><img decoding=\"async\" title=\"FunkstreifeRS\" src=\"http:\/\/www.hier-luebeck.de\/images\/topics\/FunkstreifeRS.JPG\" alt=\"FunkstreifeRS\" \/><br \/>\nL\u00fcbeck (ots) &#8211; Am Freitagabend, gegen 20.00 Uhr, beobachteten aufmerksame Zeugen einen Einbruch in ein Reihenhaus am Pinassenweg.<br \/>\nW\u00e4hrend sie die verd\u00e4chtigen Personen im Auge behielten, alarmierten sie die Polizei. Drei m\u00e4nnliche Personen hatten sich demnach \u00fcber die Terrasse Zugang zu dem Reihenhaus verschafft und waren anschlie\u00dfend darin verschwunden.<\/p>\n<p><!--more-->Die eintreffenden Beamten des 2. Polizeireviers konnten aufgrund der guten Zeugenhinweise alle drei Verd\u00e4chtigen festnehmen. Ein 34-j\u00e4hriger Serbe versuchte vom Tatort zu fl\u00fcchten, konnte aber von den Polizisten eingeholt werden. Ein 38-j\u00e4hriger Mazedonier und ein 26-j\u00e4riger Rum\u00e4ne konnten direkt an dem Reihenhaus festgenommen werden. Nach bisherigen Erkenntnissen sind die Verd\u00e4chtigen gewaltsam durch die Terrassent\u00fcr in das Haus eingedrungen und haben dort offensichtlich nach Wertsachen gesucht. Ob Gegenst\u00e4nde entwendet wurden, kann noch nicht gesagt werden. Hierzu dauern die Ermittlungen an. Die Bewohner waren zur Tatzeit nicht im Haus. Das Fahrzeug mit dem die Drei unterwegs waren, ein roter Lancia, konnte in der N\u00e4he des Tatortes aufgefunden und sichergestellt werden, ebenso wie m\u00f6gliches Tatwerkzeug. Der 38-j\u00e4hrige Mazedonier machte gegen\u00fcber der Polizei zun\u00e4chst falsche Angaben zu seiner Identit\u00e4t. Sein richtiger Name konnte jedoch ermittelt werden und es stellte sich heraus, dass der Mann per Haftbefehl gesucht wurde.<br \/>\nEr daher wurde in die Justizvollzugsanstalt Lauerhof \u00fcberf\u00fchrt. Die anderen beiden Verd\u00e4chtigen wurden nach Abschluss aller polizeilichen Ma\u00dfnahmen entlassen.<\/p>\n<p>Zur Zeit wird noch gepr\u00fcft, ob das Trio auch f\u00fcr andere Einbruchsdiebst\u00e4hle in L\u00fcbeck und Umgebung in Frage kommen k\u00f6nnte. Die Ermittlungen f\u00fchrt das Kommissariat 12 der Kriminalpolizeistelle L\u00fcbeck.<\/p>\n","protected":false},"excerpt":{"rendered":"<p>L\u00fcbeck (ots) &#8211; Am Freitagabend, gegen 20.00 Uhr, beobachteten aufmerksame Zeugen einen Einbruch in ein Reihenhaus am Pinassenweg. W\u00e4hrend sie<\/p>\n","protected":false},"author":3,"featured_media":0,"comment_status":"open","ping_status":"open","sticky":false,"template":"","format":"standard","meta":{"colormag_page_container_layout":"default_layout","colormag_page_sidebar_layout":"default_layout","footnotes":""},"categories":[20],"tags":[],"class_list":["post-9348","post","type-post","status-publish","format-standard","hentry","category-besondere-neuigkeiten"],"_links":{"self":[{"href":"https:\/\/hier-luebeck.de\/index.php\/wp-json\/wp\/v2\/posts\/9348","targetHints":{"allow":["GET"]}}],"collection":[{"href":"https:\/\/hier-luebeck.de\/index.php\/wp-json\/wp\/v2\/posts"}],"about":[{"href":"https:\/\/hier-luebeck.de\/index.php\/wp-json\/wp\/v2\/types\/post"}],"author":[{"embeddable":true,"href":"https:\/\/hier-luebeck.de\/index.php\/wp-json\/wp\/v2\/users\/3"}],"replies":[{"embeddable":true,"href":"https:\/\/hier-luebeck.de\/index.php\/wp-json\/wp\/v2\/comments?post=9348"}],"version-history":[{"count":0,"href":"https:\/\/hier-luebeck.de\/index.php\/wp-json\/wp\/v2\/posts\/9348\/revisions"}],"wp:attachment":[{"href":"https:\/\/hier-luebeck.de\/index.php\/wp-json\/wp\/v2\/media?parent=9348"}],"wp:term":[{"taxonomy":"category","embeddable":true,"href":"https:\/\/hier-luebeck.de\/index.php\/wp-json\/wp\/v2\/categories?post=9348"},{"taxonomy":"post_tag","embeddable":true,"href":"https:\/\/hier-luebeck.de\/index.php\/wp-json\/wp\/v2\/tags?post=9348"}],"curies":[{"name":"wp","href":"https:\/\/api.w.org\/{rel}","templated":true}]}}