{"id":9349,"date":"2009-12-07T17:59:19","date_gmt":"2009-12-07T17:59:19","guid":{"rendered":"http:\/\/testserver\/wordpress\/?p=9249"},"modified":"2009-12-07T17:59:19","modified_gmt":"2009-12-07T17:59:19","slug":"romane_sachbcher_und_medien_zum_kilopreis","status":"publish","type":"post","link":"https:\/\/hier-luebeck.de\/index.php\/romane_sachbcher_und_medien_zum_kilopreis\/","title":{"rendered":"Romane, Sachb\u00fccher und Medien zum Kilopreis"},"content":{"rendered":"<p><img decoding=\"async\" title=\"HolstentorLicht\" src=\"http:\/\/www.hier-luebeck.de\/images\/topics\/HolstentorLicht.JPG\" alt=\"HolstentorLicht\" \/><br \/>\nBibliothek Marli-Brandenbaum l\u00e4dt vom 14. bis 23. Dezember zum B\u00fccherflohmarkt<br \/>\nWie jedes Jahr veranstaltet die Stadtteilbibliothek Marli-Brandenbaum, Max-Wartemann-Stra\u00dfe 5, in der Adventszeit einen B\u00fccherflohmarkt. Vom 14. bis 23. Dezember 2009 k\u00f6nnen montags bis mittwochs von 14 bis 18 Uhr und freitags von 10 bis 13 Uhr Romane, Sachb\u00fccher und andere Medien zum Preis von 1,50 Euro pro Kilo erworben werden.<\/p>\n<p><!--more--><\/p>\n","protected":false},"excerpt":{"rendered":"<p>Bibliothek Marli-Brandenbaum l\u00e4dt vom 14. bis 23. Dezember zum B\u00fccherflohmarkt Wie jedes Jahr veranstaltet die Stadtteilbibliothek Marli-Brandenbaum, Max-Wartemann-Stra\u00dfe 5, in<\/p>\n","protected":false},"author":3,"featured_media":0,"comment_status":"open","ping_status":"open","sticky":false,"template":"","format":"standard","meta":{"colormag_page_container_layout":"default_layout","colormag_page_sidebar_layout":"default_layout","footnotes":""},"categories":[13],"tags":[],"class_list":["post-9349","post","type-post","status-publish","format-standard","hentry","category-veranstaltungen"],"_links":{"self":[{"href":"https:\/\/hier-luebeck.de\/index.php\/wp-json\/wp\/v2\/posts\/9349","targetHints":{"allow":["GET"]}}],"collection":[{"href":"https:\/\/hier-luebeck.de\/index.php\/wp-json\/wp\/v2\/posts"}],"about":[{"href":"https:\/\/hier-luebeck.de\/index.php\/wp-json\/wp\/v2\/types\/post"}],"author":[{"embeddable":true,"href":"https:\/\/hier-luebeck.de\/index.php\/wp-json\/wp\/v2\/users\/3"}],"replies":[{"embeddable":true,"href":"https:\/\/hier-luebeck.de\/index.php\/wp-json\/wp\/v2\/comments?post=9349"}],"version-history":[{"count":0,"href":"https:\/\/hier-luebeck.de\/index.php\/wp-json\/wp\/v2\/posts\/9349\/revisions"}],"wp:attachment":[{"href":"https:\/\/hier-luebeck.de\/index.php\/wp-json\/wp\/v2\/media?parent=9349"}],"wp:term":[{"taxonomy":"category","embeddable":true,"href":"https:\/\/hier-luebeck.de\/index.php\/wp-json\/wp\/v2\/categories?post=9349"},{"taxonomy":"post_tag","embeddable":true,"href":"https:\/\/hier-luebeck.de\/index.php\/wp-json\/wp\/v2\/tags?post=9349"}],"curies":[{"name":"wp","href":"https:\/\/api.w.org\/{rel}","templated":true}]}}