{"id":9448,"date":"2010-01-07T14:54:07","date_gmt":"2010-01-07T14:54:07","guid":{"rendered":"http:\/\/testserver\/wordpress\/?p=9348"},"modified":"2010-01-07T14:54:07","modified_gmt":"2010-01-07T14:54:07","slug":"eine_wirtschafts_und_verkehrspolitische_geisterfahrt","status":"publish","type":"post","link":"https:\/\/hier-luebeck.de\/index.php\/eine_wirtschafts_und_verkehrspolitische_geisterfahrt\/","title":{"rendered":"Eine wirtschafts- und verkehrspolitische Geisterfahrt"},"content":{"rendered":"<p><img decoding=\"async\" title=\"gruene_logo\" src=\"http:\/\/www.hier-luebeck.de\/images\/topics\/gruene_logo.gif\" alt=\"gruene_logo\" \/><br \/>\nZum heutigen Treffen von Wirtschaftsminister Jost de Jager mit der d\u00e4nischen Projektgesellschaft Femern-A\/S-Vorst\u00e4nden zum Bau der Fehmarnbelt-Querung sagt der wirtschafts- und verkehrspolitische Sprecher der Fraktion B\u00fcndnis 90\/Die Gr\u00fcnen, Andreas Tietze:<!--more-->Wirtschaftsminister Jost de Jager l\u00fcgt sich selbst in die Tasche. Wer rechnet eigentlich den wirtschaftlichen Schaden dagegen, den dieses Br\u00fcckenprojekt langfristig f\u00fcr Schleswig-Holstein verursachen wird, verursacht durch R\u00fcckg\u00e4nge im Tourismus und den Verlust der Arbeitspl\u00e4tze im F\u00e4hrverkehr?<\/p>\n<p>Zum heutigen Optimismus des Wirtschaftsministers besteht kein Grund. In Zeiten des Klimawandels brauchen wir starke wirtschaftliche Impulse in eine CO2-arme-Wirtschaftsentwicklung. Eine kluge Landesregierung w\u00fcrde sich von diesem Prestige-Projekt verabschieden. <\/p>\n<p>Die geplante Fehmarnbelt-Querung ist und bleibt eine wirtschafts- und verkehrspolitische Geisterfahrt. Statt von Wohlstand, Besch\u00e4ftigung und nachhaltiger Entwicklung zu profitieren, wird das Land \u00f6konomisch wie \u00f6kologisch einen hohen Preis zahlen m\u00fcssen.<\/p>\n","protected":false},"excerpt":{"rendered":"<p>Zum heutigen Treffen von Wirtschaftsminister Jost de Jager mit der d\u00e4nischen Projektgesellschaft Femern-A\/S-Vorst\u00e4nden zum Bau der Fehmarnbelt-Querung sagt der wirtschafts-<\/p>\n","protected":false},"author":3,"featured_media":0,"comment_status":"open","ping_status":"open","sticky":false,"template":"","format":"standard","meta":{"colormag_page_container_layout":"default_layout","colormag_page_sidebar_layout":"default_layout","footnotes":""},"categories":[5],"tags":[],"class_list":["post-9448","post","type-post","status-publish","format-standard","hentry","category-politik-wirtschaft"],"_links":{"self":[{"href":"https:\/\/hier-luebeck.de\/index.php\/wp-json\/wp\/v2\/posts\/9448","targetHints":{"allow":["GET"]}}],"collection":[{"href":"https:\/\/hier-luebeck.de\/index.php\/wp-json\/wp\/v2\/posts"}],"about":[{"href":"https:\/\/hier-luebeck.de\/index.php\/wp-json\/wp\/v2\/types\/post"}],"author":[{"embeddable":true,"href":"https:\/\/hier-luebeck.de\/index.php\/wp-json\/wp\/v2\/users\/3"}],"replies":[{"embeddable":true,"href":"https:\/\/hier-luebeck.de\/index.php\/wp-json\/wp\/v2\/comments?post=9448"}],"version-history":[{"count":0,"href":"https:\/\/hier-luebeck.de\/index.php\/wp-json\/wp\/v2\/posts\/9448\/revisions"}],"wp:attachment":[{"href":"https:\/\/hier-luebeck.de\/index.php\/wp-json\/wp\/v2\/media?parent=9448"}],"wp:term":[{"taxonomy":"category","embeddable":true,"href":"https:\/\/hier-luebeck.de\/index.php\/wp-json\/wp\/v2\/categories?post=9448"},{"taxonomy":"post_tag","embeddable":true,"href":"https:\/\/hier-luebeck.de\/index.php\/wp-json\/wp\/v2\/tags?post=9448"}],"curies":[{"name":"wp","href":"https:\/\/api.w.org\/{rel}","templated":true}]}}