{"id":9449,"date":"2010-01-07T20:46:15","date_gmt":"2010-01-07T20:46:15","guid":{"rendered":"http:\/\/testserver\/wordpress\/?p=9349"},"modified":"2010-01-07T20:46:15","modified_gmt":"2010-01-07T20:46:15","slug":"buntekuh_feiert_den_start_in_2010_mit_buntem_programm","status":"publish","type":"post","link":"https:\/\/hier-luebeck.de\/index.php\/buntekuh_feiert_den_start_in_2010_mit_buntem_programm\/","title":{"rendered":"Buntekuh feiert den Start in 2010 mit buntem Programm"},"content":{"rendered":"<p><img decoding=\"async\" title=\"HolstentorLicht\" src=\"http:\/\/www.hier-luebeck.de\/images\/topics\/HolstentorLicht.JPG\" alt=\"HolstentorLicht\" \/><br \/>\nNeujahrsaktion und Schaukasteneinweihung am 8. Januar im Einkaufszentrum<br \/>\nUnter dem Motto &#8222;Buntekuh gr\u00fc\u00dft das neue Jahr 2010&#8221; laden ein Verbund aus Gewerbetreibenden, Einrichtungen, Vereinen und Initiativen am Freitag, 8. Januar 2010, von 14 bis 17 Uhr zu einer Neujahrsaktion ein. <!--more-->Mit einem bunten Programm bieten die Veranstalter Unterhaltung f\u00fcr kleine und gro\u00dfe Besucherinnen und Besucher im Einkaufszentrum Buntekuh, Korvettenstra\u00dfe 75. Die Veranstaltung, die im Rahmen des Programms &#8222;Soziale Stadt&#8221; stattfindet, dient auch dazu, gleich zu Jahresbeginn das gesellige Miteinander im Stadtteil f\u00f6rdern.<br \/>\nFolgende Aktionen sind unter anderem geplant: Um den noch frischen Neujahrsvors\u00e4tzen auf die Spr\u00fcnge zu helfen, wird es eine Reihe von Informations- und Beratungsangeboten zu den Themen Ern\u00e4hrung und Bewegung, aber auch zum Thema Ehrenamt geben. Dar\u00fcber hinaus wird im Rahmen der Veranstaltung ein neuer Schaukasten f\u00fcr den Stadtteil eingeweiht. Hierzu wird ein Vertreter des Einkaufszentrums dem Anwohnerverein Buntekuh, der die Pflege des Schaukastens \u00fcbernimmt, den Schaukastenschl\u00fcssel \u00fcbergeben. Bei all dem kommen nat\u00fcrlich auch Spiel- und Spa\u00df nicht zu kurz &#8211; und f\u00fcr das leibliche Wohl ist selbstverst\u00e4ndlich auch gesorgt! Und wer noch seinen Weihnachtsbaum entsorgen m\u00f6chte &#8211; die Entsorgungsbetriebe und die Stadtreinigung L\u00fcbeck nehmen diesen gern entgegen.<\/p>\n","protected":false},"excerpt":{"rendered":"<p>Neujahrsaktion und Schaukasteneinweihung am 8. Januar im Einkaufszentrum Unter dem Motto &#8222;Buntekuh gr\u00fc\u00dft das neue Jahr 2010&#8221; laden ein Verbund<\/p>\n","protected":false},"author":3,"featured_media":0,"comment_status":"open","ping_status":"open","sticky":false,"template":"","format":"standard","meta":{"colormag_page_container_layout":"default_layout","colormag_page_sidebar_layout":"default_layout","footnotes":""},"categories":[13],"tags":[],"class_list":["post-9449","post","type-post","status-publish","format-standard","hentry","category-veranstaltungen"],"_links":{"self":[{"href":"https:\/\/hier-luebeck.de\/index.php\/wp-json\/wp\/v2\/posts\/9449","targetHints":{"allow":["GET"]}}],"collection":[{"href":"https:\/\/hier-luebeck.de\/index.php\/wp-json\/wp\/v2\/posts"}],"about":[{"href":"https:\/\/hier-luebeck.de\/index.php\/wp-json\/wp\/v2\/types\/post"}],"author":[{"embeddable":true,"href":"https:\/\/hier-luebeck.de\/index.php\/wp-json\/wp\/v2\/users\/3"}],"replies":[{"embeddable":true,"href":"https:\/\/hier-luebeck.de\/index.php\/wp-json\/wp\/v2\/comments?post=9449"}],"version-history":[{"count":0,"href":"https:\/\/hier-luebeck.de\/index.php\/wp-json\/wp\/v2\/posts\/9449\/revisions"}],"wp:attachment":[{"href":"https:\/\/hier-luebeck.de\/index.php\/wp-json\/wp\/v2\/media?parent=9449"}],"wp:term":[{"taxonomy":"category","embeddable":true,"href":"https:\/\/hier-luebeck.de\/index.php\/wp-json\/wp\/v2\/categories?post=9449"},{"taxonomy":"post_tag","embeddable":true,"href":"https:\/\/hier-luebeck.de\/index.php\/wp-json\/wp\/v2\/tags?post=9449"}],"curies":[{"name":"wp","href":"https:\/\/api.w.org\/{rel}","templated":true}]}}