{"id":9450,"date":"2010-01-07T21:04:18","date_gmt":"2010-01-07T21:04:18","guid":{"rendered":"http:\/\/testserver\/wordpress\/?p=9350"},"modified":"2010-01-07T21:04:18","modified_gmt":"2010-01-07T21:04:18","slug":"das_leben_und_werk_von_caspar_david_friedrich","status":"publish","type":"post","link":"https:\/\/hier-luebeck.de\/index.php\/das_leben_und_werk_von_caspar_david_friedrich\/","title":{"rendered":"Das Leben und Werk von Caspar David Friedrich"},"content":{"rendered":"<p><img decoding=\"async\" title=\"VHSLogo\" src=\"http:\/\/www.hier-luebeck.de\/images\/topics\/VHSLogo.jpg\" alt=\"VHSLogo\" \/><br \/>\nDiavortrag von Dr. Hans Thomas Carstensen am 14. Januar in der VHS<br \/>\nIn der VHS &#8211; Forum f\u00fcr Weiterbildung L\u00fcbeck referiert Dr. Hans Thomas Carstensen aus Hamburg am Donnerstag, 14. Januar 2010, um 18 Uhr \u00fcber das Thema &#8222;Gescheiterte Hoffnungen &#8211; Leben und Werk von Caspar David Friedrich&#8220;. <!--more-->Heute gelten manchen Betrachtern die Landschaften des Malers (1774-1840) als Spiegelungen der deutschen Seele, anderen als Inbegriff einer unzeitgem\u00e4\u00dfen Naturverkl\u00e4rung. Seine radikalen Bilder begeisterten anfangs, dann irritierten und verst\u00f6rten sie. Zum Schluss wurden sie abgelehnt und gerieten f\u00fcr lange Zeit in Vergessenheit. Friedrich war zu seinen Lebzeiten politisch und k\u00fcnstlerisch gescheitert. Heute wirkt sein Werk wie ein Aufbruch in die Moderne. Der Eintritt betr\u00e4gt sechs, erm\u00e4\u00dfigt 4,50 Euro.<\/p>\n","protected":false},"excerpt":{"rendered":"<p>Diavortrag von Dr. Hans Thomas Carstensen am 14. Januar in der VHS In der VHS &#8211; Forum f\u00fcr Weiterbildung L\u00fcbeck<\/p>\n","protected":false},"author":3,"featured_media":0,"comment_status":"open","ping_status":"open","sticky":false,"template":"","format":"standard","meta":{"colormag_page_container_layout":"default_layout","colormag_page_sidebar_layout":"default_layout","footnotes":""},"categories":[13],"tags":[],"class_list":["post-9450","post","type-post","status-publish","format-standard","hentry","category-veranstaltungen"],"_links":{"self":[{"href":"https:\/\/hier-luebeck.de\/index.php\/wp-json\/wp\/v2\/posts\/9450","targetHints":{"allow":["GET"]}}],"collection":[{"href":"https:\/\/hier-luebeck.de\/index.php\/wp-json\/wp\/v2\/posts"}],"about":[{"href":"https:\/\/hier-luebeck.de\/index.php\/wp-json\/wp\/v2\/types\/post"}],"author":[{"embeddable":true,"href":"https:\/\/hier-luebeck.de\/index.php\/wp-json\/wp\/v2\/users\/3"}],"replies":[{"embeddable":true,"href":"https:\/\/hier-luebeck.de\/index.php\/wp-json\/wp\/v2\/comments?post=9450"}],"version-history":[{"count":0,"href":"https:\/\/hier-luebeck.de\/index.php\/wp-json\/wp\/v2\/posts\/9450\/revisions"}],"wp:attachment":[{"href":"https:\/\/hier-luebeck.de\/index.php\/wp-json\/wp\/v2\/media?parent=9450"}],"wp:term":[{"taxonomy":"category","embeddable":true,"href":"https:\/\/hier-luebeck.de\/index.php\/wp-json\/wp\/v2\/categories?post=9450"},{"taxonomy":"post_tag","embeddable":true,"href":"https:\/\/hier-luebeck.de\/index.php\/wp-json\/wp\/v2\/tags?post=9450"}],"curies":[{"name":"wp","href":"https:\/\/api.w.org\/{rel}","templated":true}]}}