{"id":9451,"date":"2010-01-08T11:06:02","date_gmt":"2010-01-08T11:06:02","guid":{"rendered":"http:\/\/testserver\/wordpress\/?p=9351"},"modified":"2010-01-08T11:06:02","modified_gmt":"2010-01-08T11:06:02","slug":"ihk_zu_lbeck_erwartet_1700_gste___auf_dem_neujahrsempfang_in_der_muk","status":"publish","type":"post","link":"https:\/\/hier-luebeck.de\/index.php\/ihk_zu_lbeck_erwartet_1700_gste___auf_dem_neujahrsempfang_in_der_muk\/","title":{"rendered":"IHK zu L\u00fcbeck erwartet 1.700 G\u00e4ste   auf dem Neujahrsempfang in der MuK"},"content":{"rendered":"<p><img decoding=\"async\" title=\"IHKLogo\" src=\"http:\/\/www.hier-luebeck.de\/images\/topics\/IHKLogo.jpg\" alt=\"IHKLogo\" \/><br \/>\nIn einer Woche treffen sich 1.700 Entscheider aus Wirtschaft, Politik und Verwaltung auf dem <br \/>\nNeujahrsempfang der IHK zu L\u00fcbeck. Spannend wird es ab 18 Uhr, wenn die Spitzen der im <br \/>\nSchleswig-Holsteinischen Landtag vertretenen Parteien in einer Podiumsdiskussion dar\u00fcber <br \/>\ndebattieren,  ob  die  Weichen  f\u00fcr  den  Aufschwung  richtig  gestellt  sind.  Es  ist  der  erste <br \/>\n\u00f6ffentliche Schlagabtausch der Politik nach der Landtagswahl im vergangenen September. <br \/>\nModerator ist Christian Schr\u00f6der vom NDR.  <!--more--><\/p>\n<p>Vor  der  Diskussion  wird  IHK-Pr\u00e4ses  Bernd  Jorkisch  seine  letzte  offizielle  Rede  auf  dem <br \/>\nNeujahrsempfang   halten.   Satzungsgem\u00e4\u00df   darf   er   f\u00fcr   das   Amt   an   der   Spitze   der <br \/>\nSelbstverwaltung der Wirtschaft nicht wieder kandidieren, wenn die neue Vollversammlung <br \/>\nsich  am  Dienstag,  26.  Januar  2010,  konstituiert  und  den  oder  die  Pr\u00e4ses  w\u00e4hlt.  Weitere <br \/>\nRedner  sind  Ministerpr\u00e4sident  Peter  Harry  Carstensen  und  Christoph  Andreas  Leicht, <br \/>\nVicepr\u00e4ses   der   IHK   zu   L\u00fcbeck.   Nach   dem   offiziellen   Teil   stehen   das   traditionelle <br \/>\nLabskausessen  und  Gespr\u00e4che  auf  dem  Markt  der  Begegnung  im  Foyer  der  L\u00fcbecker <br \/>\nMusik- und Kongresshalle (MuK) auf dem Programm.  <\/p>\n<p>F\u00fcr  den  Neujahrsempfang  am  Mittwoch,  13.  Januar  2010,  ab  18  Uhr  sind  noch  wenige <br \/>\nPl\u00e4tze frei. Karten zum Preis von 28 Euro pro Person gibt es bei Gudrun Dose per E-Mail <br \/>\nunter der Adresse: dose@ihk-luebeck.de.  <\/p>\n","protected":false},"excerpt":{"rendered":"<p>In einer Woche treffen sich 1.700 Entscheider aus Wirtschaft, Politik und Verwaltung auf dem Neujahrsempfang der IHK zu L\u00fcbeck. Spannend<\/p>\n","protected":false},"author":3,"featured_media":0,"comment_status":"open","ping_status":"open","sticky":false,"template":"","format":"standard","meta":{"colormag_page_container_layout":"default_layout","colormag_page_sidebar_layout":"default_layout","footnotes":""},"categories":[5],"tags":[],"class_list":["post-9451","post","type-post","status-publish","format-standard","hentry","category-politik-wirtschaft"],"_links":{"self":[{"href":"https:\/\/hier-luebeck.de\/index.php\/wp-json\/wp\/v2\/posts\/9451","targetHints":{"allow":["GET"]}}],"collection":[{"href":"https:\/\/hier-luebeck.de\/index.php\/wp-json\/wp\/v2\/posts"}],"about":[{"href":"https:\/\/hier-luebeck.de\/index.php\/wp-json\/wp\/v2\/types\/post"}],"author":[{"embeddable":true,"href":"https:\/\/hier-luebeck.de\/index.php\/wp-json\/wp\/v2\/users\/3"}],"replies":[{"embeddable":true,"href":"https:\/\/hier-luebeck.de\/index.php\/wp-json\/wp\/v2\/comments?post=9451"}],"version-history":[{"count":0,"href":"https:\/\/hier-luebeck.de\/index.php\/wp-json\/wp\/v2\/posts\/9451\/revisions"}],"wp:attachment":[{"href":"https:\/\/hier-luebeck.de\/index.php\/wp-json\/wp\/v2\/media?parent=9451"}],"wp:term":[{"taxonomy":"category","embeddable":true,"href":"https:\/\/hier-luebeck.de\/index.php\/wp-json\/wp\/v2\/categories?post=9451"},{"taxonomy":"post_tag","embeddable":true,"href":"https:\/\/hier-luebeck.de\/index.php\/wp-json\/wp\/v2\/tags?post=9451"}],"curies":[{"name":"wp","href":"https:\/\/api.w.org\/{rel}","templated":true}]}}