{"id":9452,"date":"2010-01-08T11:13:23","date_gmt":"2010-01-08T11:13:23","guid":{"rendered":"http:\/\/testserver\/wordpress\/?p=9352"},"modified":"2010-01-08T11:13:23","modified_gmt":"2010-01-08T11:13:23","slug":"wechsel_an_der_spitze_der_ihk_zu_lbeck","status":"publish","type":"post","link":"https:\/\/hier-luebeck.de\/index.php\/wechsel_an_der_spitze_der_ihk_zu_lbeck\/","title":{"rendered":"Wechsel an der Spitze der IHK zu L\u00fcbeck"},"content":{"rendered":"<p><img decoding=\"async\" title=\"IHKLogo\" src=\"http:\/\/www.hier-luebeck.de\/images\/topics\/IHKLogo.jpg\" alt=\"IHKLogo\" \/><br \/>\nAn der Spitze der IHK zu L\u00fcbeck wird es im 1. Quartal 2010 zu personellen Ver\u00e4nderungen <br \/>\nkommen. Pr\u00e4ses Bernd Jorkisch kann nach zwei Amtszeiten satzungsgem\u00e4\u00df nicht mehr f\u00fcr <br \/>\ndas Amt des Pr\u00e4ses der Industrie- und Handelskammer zu L\u00fcbeck kandidieren, wird jedoch <br \/>\nauch  in  Zukunft  als  Mitglied  der  neu  gew\u00e4hlten  Vollversammlung  f\u00fcr  die  Legislaturperiode <br \/>\nvon 2010 bis 2016 im &#8222;Parlament der Wirtschaft&#8220; mitarbeiten. <!--more-->Professor Dr. Bernd Rohwer gibt auf eigenen Wunsch die Hauptgesch\u00e4ftsf\u00fchrung der IHK zu L\u00fcbeck   zum   31.   M\u00e4rz   2010   ab.   &#8222;Ich   m\u00f6chte   nach   dreieinhalb   interessanten   und arbeitsintensiven  Jahren  in  der  IHK  Freiraum  gewinnen  f\u00fcr  T\u00e4tigkeiten,  die  bei  der derzeitigen Belastung zu kurz kommen: Lehre und Forschung an der Universit\u00e4t, Vortr\u00e4ge sowie  Mitarbeit  in  strategischen  Projekten zur  St\u00e4rkung  der  HanseBelt  Region,  der norddeutschen Zusammenarbeit und der Ostseekooperation&#8220;, sagte Rohwer am Dienstag in <br \/>\nL\u00fcbeck. <\/p>\n<p>Die  Entscheidung  sei  ihm  nicht  leicht  gefallen.  &#8222;Das  Verh\u00e4ltnis  zum  Pr\u00e4sidium  mit  Pr\u00e4ses Bernd Jorkisch an der Spitze, zur Vollversammlung und den hauptamtlichen Mitarbeitern in der IHK ist in einer herausragenden Weise von Vertrauen und Professionalit\u00e4t gepr\u00e4gt&#8220;, so Rohwer. <\/p>\n<p>Das  Pr\u00e4sidium  der  IHK  zu  L\u00fcbeck  hat  den  Entschluss  des  Hauptgesch\u00e4ftsf\u00fchrers  sehr <br \/>\nbedauert,  jedoch  mit  Verst\u00e4ndnis  auf  die  pers\u00f6nlich  getroffene  Entscheidung  reagiert. <\/p>\n<p>&#8222;Professor Rohwer hat ganz hervorragende Arbeit f\u00fcr die Industrie- und Handelskammer zu L\u00fcbeck geleistet und wird f\u00fcr uns in seiner Kompetenz und Ausstrahlung nur sehr schwer zu ersetzen sein&#8220;, sagte Pr\u00e4ses Bernd Jorkisch am Dienstag in L\u00fcbeck. <\/p>\n<p>&#8222;Die IHK zu L\u00fcbeck hat in den letzten Jahren ihre wichtige Rolle als Dienstleister und Interessensvertretung f\u00fcr die regionale Wirtschaft  weiter  ausbauen  und  sich  organisatorisch  wie  personell  und  finanziell noch st\u00e4rker aufstellen k\u00f6nnen.&#8220; <\/p>\n<p>Das Pr\u00e4sidium der IHK zu L\u00fcbeck dankt Rohwer f\u00fcr sein Handeln zum Wohle der Wirtschaft der HanseBelt Region und dar\u00fcber hinaus. &#8222;Professor Rohwer hat sich gro\u00dfe Verdienste in seiner  Arbeit  f\u00fcr  die  Selbstverwaltung  der  Wirtschaft  erworben&#8220;,  betonte  Jorkisch.  Rohwer will  dem  Wunsch  des  Pr\u00e4sidiums  entsprechen,  der  IHK  zu  L\u00fcbeck  auch  weiterhin  eng verbunden  zu  bleiben  und  ihre  Arbeit  konkret  zu  unterst\u00fctzen.  Genauere  Vereinbarungen  dar\u00fcber  sollen  mit  der  neuen  Vollversammlung  und  der neuen  Hauptgesch\u00e4ftsf\u00fchrung getroffen werden. <\/p>\n<p>Mit dem Ausscheiden des Hauptgesch\u00e4ftsf\u00fchrers formiert sich die gesamte Spitze der IHK zu  L\u00fcbeck  im  Fr\u00fchjahr  2010  neu.  Am  26.  Januar  konstituiert  sich  die  neu  gew\u00e4hlte Vollversammlung  der  IHK  zu  L\u00fcbeck.  Das  Parlament  der Wirtschaft  w\u00e4hlt  dann  ein  neues Pr\u00e4sidium  und  einen  neuen  Pr\u00e4sidenten.  <\/p>\n<p>Jorkisch  wird  turnusgem\u00e4\u00df  sein  Amt  als  Pr\u00e4ses <br \/>\nabgeben.  Der  Daldorfer  Unternehmer  wird  jedoch  auch  in  Zukunft  als  Mitglied  der Vollversammlung f\u00fcr die Legislaturperiode von 2010 bis 2016 im &#8222;Parlament der Wirtschaft&#8220; mitarbeiten. Auch der Hauptgesch\u00e4ftsf\u00fchrer wird durch die Vollversammlung gew\u00e4hlt. \u00dcber die  Nachfolge  des Hauptgesch\u00e4ftsf\u00fchrers  wird  die  Vollversammlung  rechtzeitig  vor  Ablauf der Amtszeit von Rohwer entscheiden. <\/p>\n<p>Professor  Dr.  Bernd  Rohwer  leitet  seit  Juni  2006  die  IHK  zu  L\u00fcbeck.  Zudem  ist  er Hauptgesch\u00e4ftsf\u00fchrer  der  IHK  Schleswig-Holstein,  dem  Verbund  der  drei  Kammern  in Flensburg, Kiel und L\u00fcbeck. Der 58-J\u00e4hrige ist verheiratet und hat zwei erwachsene Kinder. <\/p>\n<p>Wortlaut  der  Erkl\u00e4rung  des  Hauptgesch\u00e4ftsf\u00fchrers  der  IHK  zu  L\u00fcbeck  Professor  Dr. Bernd Rohwer am 29. Dezember 2010 <\/p>\n<p>\n&#8222;Nach   dreieinhalb   interessanten   und   intensiven   Arbeitsjahren   in   der   Industrie-   und Handelskammer  zu  L\u00fcbeck  werde  ich  deren  Hauptgesch\u00e4ftsf\u00fchrung  zum  1.  April  2010  an eine  Nachfolgerin  oder  einen  Nachfolger  \u00fcbergeben.  Dadurch  m\u00f6chte  ich  k\u00fcnftig  mehr Freiraum  gewinnen  f\u00fcr  T\u00e4tigkeiten,  die  bei  meiner  jetzigen  hohen  zeitlichen  Belastung  zu kurz kommen: Lehre und Forschung an der Universit\u00e4t, Vortr\u00e4ge, Mitarbeit in strategischen Projekten  wie  zum  Beispiel  zur  St\u00e4rkung  der  HanseBelt  Region,  der  norddeutschen Kooperation oder der Ostseezusammenarbeit.  <\/p>\n<p>Die  Arbeit  in  der  IHK  zu  L\u00fcbeck  hat  mir  sehr  viel  Freude  bereitet.  Das  Verh\u00e4ltnis  zum Pr\u00e4sidium  mit  Pr\u00e4ses  Bernd  Jorkisch  an  der  Spitze,  zur  Vollversammlung  und  zum hauptamtlichen   IHK-Team   ist   in   einer   herausragenden   Weise   von   Vertrauen   und Professionalit\u00e4t gepr\u00e4gt.  <\/p>\n<p>Das Pr\u00e4sidium hat auf meinen Entschluss mit Verst\u00e4ndnis reagiert, mich aber gebeten, der IHK  zu  L\u00fcbeck  auch  in  Zukunft  verbunden  zu  bleiben  und  ihre  Arbeit  im  Rahmen  eines bestimmten Zeitbudgets auch k\u00fcnftig konkret zu unterst\u00fctzen. Ich habe dies gern zugesagt, weil  mir  die  Hansestadt  L\u00fcbeck  und  die  HanseBelt  Region  am  Herzen  liegen  und  ich  die <br \/>\nArbeit  der  IHK  und  ihr  Engagement  f\u00fcr  die  Zukunft  dieser  Region  f\u00fcr  sehr  wichtig  halte. <\/p>\n<p>Konkrete Absprachen dar\u00fcber k\u00f6nnen nat\u00fcrlich erst getroffen werden, wenn die sich am 26. Januar 2010 konstituierende Vollversammlung das neue Pr\u00e4sidium gew\u00e4hlt hat und dieses Gremium    dann    sp\u00e4ter    eine    neue    Hauptgesch\u00e4ftsf\u00fchrerin    oder    einen    neuen Hauptgesch\u00e4ftsf\u00fchrer bestellt hat.&#8220; <\/p>\n","protected":false},"excerpt":{"rendered":"<p>An der Spitze der IHK zu L\u00fcbeck wird es im 1. Quartal 2010 zu personellen Ver\u00e4nderungen kommen. Pr\u00e4ses Bernd Jorkisch<\/p>\n","protected":false},"author":3,"featured_media":0,"comment_status":"open","ping_status":"open","sticky":false,"template":"","format":"standard","meta":{"colormag_page_container_layout":"default_layout","colormag_page_sidebar_layout":"default_layout","footnotes":""},"categories":[5],"tags":[],"class_list":["post-9452","post","type-post","status-publish","format-standard","hentry","category-politik-wirtschaft"],"_links":{"self":[{"href":"https:\/\/hier-luebeck.de\/index.php\/wp-json\/wp\/v2\/posts\/9452","targetHints":{"allow":["GET"]}}],"collection":[{"href":"https:\/\/hier-luebeck.de\/index.php\/wp-json\/wp\/v2\/posts"}],"about":[{"href":"https:\/\/hier-luebeck.de\/index.php\/wp-json\/wp\/v2\/types\/post"}],"author":[{"embeddable":true,"href":"https:\/\/hier-luebeck.de\/index.php\/wp-json\/wp\/v2\/users\/3"}],"replies":[{"embeddable":true,"href":"https:\/\/hier-luebeck.de\/index.php\/wp-json\/wp\/v2\/comments?post=9452"}],"version-history":[{"count":0,"href":"https:\/\/hier-luebeck.de\/index.php\/wp-json\/wp\/v2\/posts\/9452\/revisions"}],"wp:attachment":[{"href":"https:\/\/hier-luebeck.de\/index.php\/wp-json\/wp\/v2\/media?parent=9452"}],"wp:term":[{"taxonomy":"category","embeddable":true,"href":"https:\/\/hier-luebeck.de\/index.php\/wp-json\/wp\/v2\/categories?post=9452"},{"taxonomy":"post_tag","embeddable":true,"href":"https:\/\/hier-luebeck.de\/index.php\/wp-json\/wp\/v2\/tags?post=9452"}],"curies":[{"name":"wp","href":"https:\/\/api.w.org\/{rel}","templated":true}]}}