{"id":96175,"date":"2013-07-31T07:00:02","date_gmt":"2013-07-31T07:00:02","guid":{"rendered":"http:\/\/www.hier-luebeck.de\/2013\/07\/fw-rz-kreisfeuerwehrmarsch-findet-am-samstag-den-21-september-2013-im-naturparkzentrum-uhlenkolk-in-molln-statt-21\/"},"modified":"2013-07-31T07:00:02","modified_gmt":"2013-07-31T07:00:02","slug":"fw-rz-kreisfeuerwehrmarsch-findet-am-samstag-den-21-september-2013-im-naturparkzentrum-uhlenkolk-in-molln-statt-21","status":"publish","type":"post","link":"https:\/\/hier-luebeck.de\/index.php\/fw-rz-kreisfeuerwehrmarsch-findet-am-samstag-den-21-september-2013-im-naturparkzentrum-uhlenkolk-in-molln-statt-21\/","title":{"rendered":"FW-RZ: Kreisfeuerwehrmarsch findet am Samstag, den 21. September 2013 im Naturparkzentrum Uhlenkolk in M\u00f6lln statt."},"content":{"rendered":"<p>Ratzeburg (ots) &#8211; Bereits zum 37. Mal findet am Samstag, den 21.  September 2013 der Kreisfeuerwehrmarsch statt.     Erstmalig wird dem Kreisfeuerwehrverband Herzogtum Lauenburg von  der Stadt M\u00f6lln f\u00fcr diese Veranstaltung das Naturparkzentrum  Uhlenkolk zur Verf\u00fcgung gestellt.<!--more--> Mit Unterst\u00fctzung der Freiwilligen  Feuerwehr M\u00f6lln wird den Feuerwehren und befreundeten Organisationen  dieses Jahr ein Veranstaltungsort geboten, der dazu einl\u00e4dt auch die  Familie mitzubringen. Neben Tiergehege, Aquarium und naturkundlicher  Ausstellung ist auch ein ansprechender Spielplatz f\u00fcr die Kinder  vorhanden. Das Cafe im Wildpark (mit Kiosk) l\u00e4dt zum kleinen Snack  oder zum Verweilen bei guter Kost ein.     Alle Teilnehmer \/ innen erhalten nach erfolgreichem Abschluss des  Marsches eine Erinnerungsmedaille. Zus\u00e4tzlich wird der gesamten  Mannschaft eine Urkunde \u00fcberreicht.     R\u00fcckfragen bitte an:  Kreisfeuerwehrverband Hzgt. Lauenburg Kreisgesch\u00e4ftsf\u00fchrerin Gabriele Heitmann Telefon: 04156-215 E-Mail: kfv-herzogtum-lauenburg@t-online.de<\/p>\n<p>Quelle: <a href=\"http:\/\/www.presseportal.de\/polizeipresse\/pm\/68033\/2525098\/fw-rz-kreisfeuerwehrmarsch-findet-am-samstag-den-21-september-2013-im-naturparkzentrum-uhlenkolk-in\/api\" target=\"_blank\">presseportal.de<\/a><\/p>\n","protected":false},"excerpt":{"rendered":"<p>Ratzeburg (ots) &#8211; Bereits zum 37. Mal findet am Samstag, den 21. September 2013 der Kreisfeuerwehrmarsch statt. Erstmalig wird dem<\/p>\n","protected":false},"author":3,"featured_media":0,"comment_status":"open","ping_status":"open","sticky":false,"template":"","format":"standard","meta":{"colormag_page_container_layout":"default_layout","colormag_page_sidebar_layout":"default_layout","footnotes":""},"categories":[20],"tags":[],"class_list":["post-96175","post","type-post","status-publish","format-standard","hentry","category-besondere-neuigkeiten"],"_links":{"self":[{"href":"https:\/\/hier-luebeck.de\/index.php\/wp-json\/wp\/v2\/posts\/96175","targetHints":{"allow":["GET"]}}],"collection":[{"href":"https:\/\/hier-luebeck.de\/index.php\/wp-json\/wp\/v2\/posts"}],"about":[{"href":"https:\/\/hier-luebeck.de\/index.php\/wp-json\/wp\/v2\/types\/post"}],"author":[{"embeddable":true,"href":"https:\/\/hier-luebeck.de\/index.php\/wp-json\/wp\/v2\/users\/3"}],"replies":[{"embeddable":true,"href":"https:\/\/hier-luebeck.de\/index.php\/wp-json\/wp\/v2\/comments?post=96175"}],"version-history":[{"count":0,"href":"https:\/\/hier-luebeck.de\/index.php\/wp-json\/wp\/v2\/posts\/96175\/revisions"}],"wp:attachment":[{"href":"https:\/\/hier-luebeck.de\/index.php\/wp-json\/wp\/v2\/media?parent=96175"}],"wp:term":[{"taxonomy":"category","embeddable":true,"href":"https:\/\/hier-luebeck.de\/index.php\/wp-json\/wp\/v2\/categories?post=96175"},{"taxonomy":"post_tag","embeddable":true,"href":"https:\/\/hier-luebeck.de\/index.php\/wp-json\/wp\/v2\/tags?post=96175"}],"curies":[{"name":"wp","href":"https:\/\/api.w.org\/{rel}","templated":true}]}}